{"id":498,"date":"2017-03-11T19:32:21","date_gmt":"2017-03-11T19:32:21","guid":{"rendered":"http:\/\/www.schmitzendrin.de\/?p=498"},"modified":"2022-01-14T18:58:01","modified_gmt":"2022-01-14T18:58:01","slug":"kw-10-die-woche-in-bonn","status":"publish","type":"post","link":"http:\/\/www.schmitzendrin.de\/?p=498","title":{"rendered":"KW 10 \/\/ Die Woche in Bonn &#8211; Stahlprofile"},"content":{"rendered":"\n<div class=\"wp-block-image\"><figure class=\"aligncenter size-large\"><img loading=\"lazy\" decoding=\"async\" width=\"1024\" height=\"683\" src=\"http:\/\/www.schmitzendrin.de\/wp-content\/uploads\/2017\/03\/P1100049-1024x683.jpg\" alt=\"\" class=\"wp-image-501\" srcset=\"http:\/\/www.schmitzendrin.de\/wp-content\/uploads\/2017\/03\/P1100049-1024x683.jpg 1024w, http:\/\/www.schmitzendrin.de\/wp-content\/uploads\/2017\/03\/P1100049-300x200.jpg 300w, http:\/\/www.schmitzendrin.de\/wp-content\/uploads\/2017\/03\/P1100049-768x512.jpg 768w, http:\/\/www.schmitzendrin.de\/wp-content\/uploads\/2017\/03\/P1100049.jpg 1200w\" sizes=\"auto, (max-width: 1024px) 100vw, 1024px\" \/><figcaption>L\u00b4Allum\u00e9<\/figcaption><\/figure><\/div>\n\n\n<p>Zuf\u00e4llig ist mir wieder ein Farbklecks begegnet! Ich kann nichts daf\u00fcr.<\/p>\n<p>Diese Woche hat es in Bonn fast durchgeregnet. Jeden Tag durchn\u00e4sst auf meinem Fahrrad sitzend, sah ich alles nur grau in grau. Ich kann also nicht anders, als euch&nbsp;heute diesen <em>neuen<\/em> Farbklecks zu pr\u00e4sentieren.<\/p>\n<p>Kunst von Mark di Suvero: L\u00b4Allum\u00e9.<\/p>\n<p>Ein sch\u00f6nes Rot. Ein bisschen mit Resten von Aufklebern versehen. Gro\u00df. Die Skulptur besteht aus Stahlprofilen. Sie zeigt in Richtung Berlin und&nbsp;wurde 1992 am Rheinufer vor dem Plenarsaal installiert.<\/p>\n<p>Die Kunst ist es also, die uns Farbkleckse bietet.<\/p>\n<p>Herzlichst Eure Frau Schmitz<\/p>","protected":false},"excerpt":{"rendered":"<p>Zuf\u00e4llig ist mir wieder ein Farbklecks begegnet! Ich kann nichts daf\u00fcr. Diese Woche hat es in Bonn fast durchgeregnet. Jeden Tag durchn\u00e4sst auf meinem Fahrrad sitzend, sah ich alles nur grau in grau. Ich kann also nicht anders, als euch&nbsp;heute diesen neuen Farbklecks zu pr\u00e4sentieren. Kunst von Mark di Suvero: L\u00b4Allum\u00e9. Ein sch\u00f6nes Rot. Ein bisschen mit Resten von Aufklebern versehen. Gro\u00df. Die Skulptur besteht aus Stahlprofilen. Sie zeigt in Richtung Berlin und&nbsp;wurde 1992 am Rheinufer vor dem Plenarsaal installiert. Die Kunst ist es also, die uns Farbkleckse bietet. Herzlichst Eure Frau Schmitz<\/p>\n","protected":false},"author":1,"featured_media":501,"comment_status":"closed","ping_status":"open","sticky":false,"template":"","format":"standard","meta":{"footnotes":""},"categories":[17],"tags":[],"class_list":["post-498","post","type-post","status-publish","format-standard","has-post-thumbnail","hentry","category-meinewoche"],"_links":{"self":[{"href":"http:\/\/www.schmitzendrin.de\/index.php?rest_route=\/wp\/v2\/posts\/498","targetHints":{"allow":["GET"]}}],"collection":[{"href":"http:\/\/www.schmitzendrin.de\/index.php?rest_route=\/wp\/v2\/posts"}],"about":[{"href":"http:\/\/www.schmitzendrin.de\/index.php?rest_route=\/wp\/v2\/types\/post"}],"author":[{"embeddable":true,"href":"http:\/\/www.schmitzendrin.de\/index.php?rest_route=\/wp\/v2\/users\/1"}],"replies":[{"embeddable":true,"href":"http:\/\/www.schmitzendrin.de\/index.php?rest_route=%2Fwp%2Fv2%2Fcomments&post=498"}],"version-history":[{"count":5,"href":"http:\/\/www.schmitzendrin.de\/index.php?rest_route=\/wp\/v2\/posts\/498\/revisions"}],"predecessor-version":[{"id":2029,"href":"http:\/\/www.schmitzendrin.de\/index.php?rest_route=\/wp\/v2\/posts\/498\/revisions\/2029"}],"wp:featuredmedia":[{"embeddable":true,"href":"http:\/\/www.schmitzendrin.de\/index.php?rest_route=\/wp\/v2\/media\/501"}],"wp:attachment":[{"href":"http:\/\/www.schmitzendrin.de\/index.php?rest_route=%2Fwp%2Fv2%2Fmedia&parent=498"}],"wp:term":[{"taxonomy":"category","embeddable":true,"href":"http:\/\/www.schmitzendrin.de\/index.php?rest_route=%2Fwp%2Fv2%2Fcategories&post=498"},{"taxonomy":"post_tag","embeddable":true,"href":"http:\/\/www.schmitzendrin.de\/index.php?rest_route=%2Fwp%2Fv2%2Ftags&post=498"}],"curies":[{"name":"wp","href":"https:\/\/api.w.org\/{rel}","templated":true}]}}