{"id":70,"date":"2016-06-15T12:40:28","date_gmt":"2016-06-15T12:40:28","guid":{"rendered":"http:\/\/live.c3networking.de\/sandra\/?p=70"},"modified":"2021-10-31T16:31:20","modified_gmt":"2021-10-31T16:31:20","slug":"frueher-hahn-ist-allein","status":"publish","type":"post","link":"http:\/\/www.schmitzendrin.de\/?p=70","title":{"rendered":"Fr\u00fcher Hahn ist allein"},"content":{"rendered":"<p>W\u00e4hrend meiner Auszeit, habe ich also morgens alle Zeit der Welt. Nur &#8211; keiner hat Zeit f\u00fcr mich.\u00a0 Sohnemann ist um 8.30 Uhr in der Kindertagesst\u00e4tte und ich h\u00e4tte Zeit&#8230;<\/p>\n<ul>\n<li>Mein Lieblings-Caf\u00e9 \u00f6ffnet um 10 Uhr.<\/li>\n<li>Das Museum \u00f6ffnet um 10 Uhr.<\/li>\n<li>Die Stadtbibliothek \u00f6ffnet um 10 Uhr.<\/li>\n<li>Ich m\u00f6chte zwar kein Geld ausgeben, aber auch die Gesch\u00e4fte \u00f6ffnen erst um 10 Uhr.<\/li>\n<\/ul>\n<p>Wann fing es an, dass die Welt erst um 10 Uhr anfing???<\/p>\n<p>Herzlichst Eure Frau Schmitz<\/p>\n","protected":false},"excerpt":{"rendered":"<p>W\u00e4hrend meiner Auszeit, habe ich also morgens alle Zeit der Welt. Nur &#8211; keiner hat Zeit f\u00fcr mich.\u00a0 Sohnemann ist um 8.30 Uhr in der Kindertagesst\u00e4tte und ich h\u00e4tte Zeit&#8230; Mein Lieblings-Caf\u00e9 \u00f6ffnet um 10 Uhr. Das Museum \u00f6ffnet um 10 Uhr. Die Stadtbibliothek \u00f6ffnet um 10 Uhr. Ich m\u00f6chte zwar kein Geld ausgeben, aber auch die Gesch\u00e4fte \u00f6ffnen erst um 10 Uhr. Wann fing es an, dass die Welt erst um 10 Uhr anfing??? Herzlichst Eure Frau Schmitz<\/p>\n","protected":false},"author":1,"featured_media":71,"comment_status":"open","ping_status":"open","sticky":false,"template":"","format":"standard","meta":{"footnotes":""},"categories":[6],"tags":[],"class_list":["post-70","post","type-post","status-publish","format-standard","has-post-thumbnail","hentry","category-zeit-fuer-auszeit"],"_links":{"self":[{"href":"http:\/\/www.schmitzendrin.de\/index.php?rest_route=\/wp\/v2\/posts\/70","targetHints":{"allow":["GET"]}}],"collection":[{"href":"http:\/\/www.schmitzendrin.de\/index.php?rest_route=\/wp\/v2\/posts"}],"about":[{"href":"http:\/\/www.schmitzendrin.de\/index.php?rest_route=\/wp\/v2\/types\/post"}],"author":[{"embeddable":true,"href":"http:\/\/www.schmitzendrin.de\/index.php?rest_route=\/wp\/v2\/users\/1"}],"replies":[{"embeddable":true,"href":"http:\/\/www.schmitzendrin.de\/index.php?rest_route=%2Fwp%2Fv2%2Fcomments&post=70"}],"version-history":[{"count":2,"href":"http:\/\/www.schmitzendrin.de\/index.php?rest_route=\/wp\/v2\/posts\/70\/revisions"}],"predecessor-version":[{"id":104,"href":"http:\/\/www.schmitzendrin.de\/index.php?rest_route=\/wp\/v2\/posts\/70\/revisions\/104"}],"wp:featuredmedia":[{"embeddable":true,"href":"http:\/\/www.schmitzendrin.de\/index.php?rest_route=\/wp\/v2\/media\/71"}],"wp:attachment":[{"href":"http:\/\/www.schmitzendrin.de\/index.php?rest_route=%2Fwp%2Fv2%2Fmedia&parent=70"}],"wp:term":[{"taxonomy":"category","embeddable":true,"href":"http:\/\/www.schmitzendrin.de\/index.php?rest_route=%2Fwp%2Fv2%2Fcategories&post=70"},{"taxonomy":"post_tag","embeddable":true,"href":"http:\/\/www.schmitzendrin.de\/index.php?rest_route=%2Fwp%2Fv2%2Ftags&post=70"}],"curies":[{"name":"wp","href":"https:\/\/api.w.org\/{rel}","templated":true}]}}