{"id":1750,"date":"2022-01-01T21:03:00","date_gmt":"2022-01-01T21:03:00","guid":{"rendered":"http:\/\/www.schmitzendrin.de\/?p=1750"},"modified":"2022-01-03T22:12:17","modified_gmt":"2022-01-03T22:12:17","slug":"rueckblick-2021-1-halbjahr","status":"publish","type":"post","link":"https:\/\/www.schmitzendrin.de\/?p=1750","title":{"rendered":"R\u00fcckblick 2021 &#8211; 1. Halbjahr"},"content":{"rendered":"\n<p class=\"has-normal-font-size\">Wie waren die vergangenen 12 Monate? Wie hat sich das eine Jahr angef\u00fchlt? R\u00fcckblickend wei\u00df ich Vieles nicht mehr genau und manche Dinge sind vergessen. Ich wei\u00df zum Beispiel nicht mehr, wann der erste Impfstoff zugelassen wurde. <\/p>\n\n\n\n<p class=\"has-normal-font-size\">An meine erste Impfung im Juni erinnere ich mich noch genau. Und ich wei\u00df noch wie gut ich mich im Herbst gef\u00fchlt habe, als wir spontan an die Nordsee gefahren sind. Und ich erinnere mich wie sch\u00f6n die Sommerferien waren &#8211; auch ohne Urlaub am Meer. <\/p>\n\n\n\n<p class=\"has-normal-font-size\">Ich wei\u00df auch wie schwierig ich es oft fand, in der Coronapandemie immer aufs Neue entscheiden zu m\u00fcssen. Ich habe abgewogen zwischen Freunde treffen und vorsichtig sein. Das Jahr empfand ich in dieser Hinsicht als anstrengender als 2019. Vielleicht weil ich mir mehr erhofft hatte und, dass die Maske im Gesicht der Vergangenheit angeh\u00f6ren k\u00f6nnte. <\/p>\n\n\n\n<p class=\"has-normal-font-size\">Hier mein R\u00fcckblick anhand einzelner Fotos aus den vergangenen Monaten.<\/p>\n\n\n\n<div style=\"height:65px\" aria-hidden=\"true\" class=\"wp-block-spacer\"><\/div>\n\n\n\n<p class=\"has-text-align-center has-normal-font-size\"><strong>Januar 2021 &#8211; Schnee und Masken<\/strong><\/p>\n\n\n\n<div class=\"wp-block-image\"><figure class=\"alignleft size-large is-resized\"><img loading=\"lazy\" decoding=\"async\" src=\"http:\/\/www.schmitzendrin.de\/wp-content\/uploads\/2022\/01\/20210112_145620-767x1024.jpg\" alt=\"\" class=\"wp-image-1751\" width=\"212\" height=\"283\" srcset=\"https:\/\/www.schmitzendrin.de\/wp-content\/uploads\/2022\/01\/20210112_145620-767x1024.jpg 767w, https:\/\/www.schmitzendrin.de\/wp-content\/uploads\/2022\/01\/20210112_145620-225x300.jpg 225w, https:\/\/www.schmitzendrin.de\/wp-content\/uploads\/2022\/01\/20210112_145620-768x1026.jpg 768w, https:\/\/www.schmitzendrin.de\/wp-content\/uploads\/2022\/01\/20210112_145620-1150x1536.jpg 1150w, https:\/\/www.schmitzendrin.de\/wp-content\/uploads\/2022\/01\/20210112_145620.jpg 1198w\" sizes=\"auto, (max-width: 212px) 100vw, 212px\" \/><\/figure><\/div>\n\n\n\n<p>Der Monat startet noch mit Stoff- anstatt FFP2-Maske im Zug auf dem Weg zur Arbeit. Nach ruhigen Weihnachtsferien in denen wir das erste mal seit Jahrzehnten nicht mit der kompletten Familie gefeiert haben, f\u00fchlt sich alles still und leise an.<\/p>\n\n\n\n<p>Leise ist es auch im Schnee, der im Siebengebirge f\u00e4llt. Wir unternehmen sch\u00f6ne Spazierg\u00e4nge und ich f\u00fchle mich gut.<\/p>\n\n\n\n<p>Drau\u00dfen treffe ich mich mit Freundinnen, die ich davor zu wenig gesehen habe. Und wir gehen ohne schlechtes Gewissen mit Abstand und viel frischer Luft spazieren.<\/p>\n\n\n\n<div class=\"wp-block-image\"><figure class=\"aligncenter size-large is-resized\"><img loading=\"lazy\" decoding=\"async\" src=\"http:\/\/www.schmitzendrin.de\/wp-content\/uploads\/2022\/01\/20210117_162613-1024x768.jpg\" alt=\"\" class=\"wp-image-1754\" width=\"628\" height=\"471\" srcset=\"https:\/\/www.schmitzendrin.de\/wp-content\/uploads\/2022\/01\/20210117_162613-1024x768.jpg 1024w, https:\/\/www.schmitzendrin.de\/wp-content\/uploads\/2022\/01\/20210117_162613-300x225.jpg 300w, https:\/\/www.schmitzendrin.de\/wp-content\/uploads\/2022\/01\/20210117_162613-768x576.jpg 768w, https:\/\/www.schmitzendrin.de\/wp-content\/uploads\/2022\/01\/20210117_162613-1536x1152.jpg 1536w, https:\/\/www.schmitzendrin.de\/wp-content\/uploads\/2022\/01\/20210117_162613-350x263.jpg 350w, https:\/\/www.schmitzendrin.de\/wp-content\/uploads\/2022\/01\/20210117_162613-780x586.jpg 780w, https:\/\/www.schmitzendrin.de\/wp-content\/uploads\/2022\/01\/20210117_162613-250x188.jpg 250w, https:\/\/www.schmitzendrin.de\/wp-content\/uploads\/2022\/01\/20210117_162613.jpg 1600w\" sizes=\"auto, (max-width: 628px) 100vw, 628px\" \/><figcaption>Schnee im Siebengebirge<\/figcaption><\/figure><\/div>\n\n\n\n<div style=\"height:65px\" aria-hidden=\"true\" class=\"wp-block-spacer\"><\/div>\n\n\n\n<p class=\"has-text-align-center has-normal-font-size\"><strong>Februar 2021 &#8211; Karneval im Homeoffice<\/strong><\/p>\n\n\n\n<div class=\"wp-block-image\"><figure class=\"alignleft size-large is-resized\"><img loading=\"lazy\" decoding=\"async\" src=\"http:\/\/www.schmitzendrin.de\/wp-content\/uploads\/2022\/01\/20210201_223750-576x1024.jpg\" alt=\"\" class=\"wp-image-1757\" width=\"178\" height=\"316\" srcset=\"https:\/\/www.schmitzendrin.de\/wp-content\/uploads\/2022\/01\/20210201_223750-576x1024.jpg 576w, https:\/\/www.schmitzendrin.de\/wp-content\/uploads\/2022\/01\/20210201_223750-169x300.jpg 169w, https:\/\/www.schmitzendrin.de\/wp-content\/uploads\/2022\/01\/20210201_223750-768x1365.jpg 768w, https:\/\/www.schmitzendrin.de\/wp-content\/uploads\/2022\/01\/20210201_223750-864x1536.jpg 864w, https:\/\/www.schmitzendrin.de\/wp-content\/uploads\/2022\/01\/20210201_223750.jpg 900w\" sizes=\"auto, (max-width: 178px) 100vw, 178px\" \/><\/figure><\/div>\n\n\n\n<p>Das war doch der Februar wo ich im Homeoffice war? Plus Mann, plus Kind, plus K\u00fcche, Kochen und allem Pipapo. Schlimm war es nicht. Manche Tage waren anstrengend. Unter anderem genau dann, wenn ich morgens oder sp\u00e4t abends gef\u00fchlt 200 Seiten f\u00fcr die Schule ausdrucken musste. Oder wenn ich in der Planung steckte: wer unterst\u00fctzt wann das Kind, wer kocht was, wann und wer kauft ein. <\/p>\n\n\n\n<p>Homeoffice bietet viele Vorteile. Wenn ich von Zuhause arbeite, genie\u00dfe ich besonders die Zeit, die ich durch die fehlende Anreise ins B\u00fcro gewinne. Im Homeoffice sitze ich l\u00e4nger am Rechner, arbeite effizient und konzentriert. Da ich mehrere kurze Pausen mache, bin ich oftmals auch nicht abgespannt wie nach einem Tag im B\u00fcro.<\/p>\n\n\n\n<p>Karneval ziehe ich nicht mehr wild durchs Land wie vor vielen Jahren. Aber trotzdem sind wir an ein paar Tagen kost\u00fcmiert unterwegs. Dieses Jahr habe ich es nicht vermisst. Vielleicht weil das Ansteckungsrisiko durch Corona mich sowieso nicht ans Feiern denken l\u00e4sst.<\/p>\n\n\n\n<div class=\"wp-block-image\"><figure class=\"aligncenter size-large is-resized\"><img loading=\"lazy\" decoding=\"async\" src=\"http:\/\/www.schmitzendrin.de\/wp-content\/uploads\/2022\/01\/20210211_160502-1024x576.jpg\" alt=\"\" class=\"wp-image-1758\" width=\"615\" height=\"345\" srcset=\"https:\/\/www.schmitzendrin.de\/wp-content\/uploads\/2022\/01\/20210211_160502-1024x576.jpg 1024w, https:\/\/www.schmitzendrin.de\/wp-content\/uploads\/2022\/01\/20210211_160502-300x169.jpg 300w, https:\/\/www.schmitzendrin.de\/wp-content\/uploads\/2022\/01\/20210211_160502-768x432.jpg 768w, https:\/\/www.schmitzendrin.de\/wp-content\/uploads\/2022\/01\/20210211_160502-1536x864.jpg 1536w, https:\/\/www.schmitzendrin.de\/wp-content\/uploads\/2022\/01\/20210211_160502.jpg 1600w\" sizes=\"auto, (max-width: 615px) 100vw, 615px\" \/><\/figure><\/div>\n\n\n\n<div style=\"height:65px\" aria-hidden=\"true\" class=\"wp-block-spacer\"><\/div>\n\n\n\n<p class=\"has-text-align-center has-normal-font-size\"><strong>M\u00e4rz 2021<\/strong> <strong>&#8211; Beim \u00c4lter werden die Sonne vermissen<\/strong><\/p>\n\n\n\n<p>In diesem Jahr bin ich nicht nur auf dem Papier \u00e4lter geworden, sondern an den Augen. Meine erste Gleitsichtbrille musste her, ein Herausz\u00f6gern ging nicht mehr. Ich entscheide oft schnell, ohne  durch viele L\u00e4den zu tingeln. Coronabedingt mit Maske, hatte ich wenig Lust intensiv nach einer passenden Brille zu suchen. Ich hatte Gl\u00fcck, wurde gut beraten und bin mit zitternden Knie aus dem Optikergesch\u00e4ft. Bange Tage des Wartens auf das Modell und ein bisschen Sorge, ob ich gut Treppen gehen kann, mir schwindelig wird oder ich Kopfschmerzen kriege. Ich habe viel geh\u00f6rt von <em>diesen<\/em> ersten Schritten mit Gleitsichtbrille. <\/p>\n\n\n\n<p>Es ging alles gut. Ich mag zwar immer noch nicht eine Brille zu tragen, weil ich es so unpraktisch finde. Manchmal vergesse ich aber auch, dass ich sie anhabe. Ich werde nicht j\u00fcnger. Vielleicht sollte ich mir einfach x-Modelle wie Elton John zulegen &#8211; f\u00fcr mehr Spa\u00df beim Brille tragen und im Leben.<\/p>\n\n\n\n<div class=\"wp-block-image\"><figure class=\"aligncenter size-large is-resized\"><img loading=\"lazy\" decoding=\"async\" src=\"http:\/\/www.schmitzendrin.de\/wp-content\/uploads\/2022\/01\/20210305_160749-1024x768.jpg\" alt=\"\" class=\"wp-image-1761\" width=\"380\" height=\"285\" srcset=\"https:\/\/www.schmitzendrin.de\/wp-content\/uploads\/2022\/01\/20210305_160749-1024x768.jpg 1024w, https:\/\/www.schmitzendrin.de\/wp-content\/uploads\/2022\/01\/20210305_160749-300x225.jpg 300w, https:\/\/www.schmitzendrin.de\/wp-content\/uploads\/2022\/01\/20210305_160749-768x576.jpg 768w, https:\/\/www.schmitzendrin.de\/wp-content\/uploads\/2022\/01\/20210305_160749-350x263.jpg 350w, https:\/\/www.schmitzendrin.de\/wp-content\/uploads\/2022\/01\/20210305_160749-780x586.jpg 780w, https:\/\/www.schmitzendrin.de\/wp-content\/uploads\/2022\/01\/20210305_160749-250x188.jpg 250w, https:\/\/www.schmitzendrin.de\/wp-content\/uploads\/2022\/01\/20210305_160749.jpg 1197w\" sizes=\"auto, (max-width: 380px) 100vw, 380px\" \/><\/figure><\/div>\n\n\n\n<p>Im M\u00e4rz war es eisig kalt, kein Fr\u00fchling nahte und wetterm\u00e4\u00dfig und \u00fcberhaupt alles sehr bescheiden. <\/p>\n\n\n\n<div class=\"wp-block-image\"><figure class=\"aligncenter size-large is-resized\"><img loading=\"lazy\" decoding=\"async\" src=\"http:\/\/www.schmitzendrin.de\/wp-content\/uploads\/2022\/01\/20210316_160120-1024x576.jpg\" alt=\"\" class=\"wp-image-1762\" width=\"700\" height=\"393\" srcset=\"https:\/\/www.schmitzendrin.de\/wp-content\/uploads\/2022\/01\/20210316_160120-1024x576.jpg 1024w, https:\/\/www.schmitzendrin.de\/wp-content\/uploads\/2022\/01\/20210316_160120-300x169.jpg 300w, https:\/\/www.schmitzendrin.de\/wp-content\/uploads\/2022\/01\/20210316_160120-768x432.jpg 768w, https:\/\/www.schmitzendrin.de\/wp-content\/uploads\/2022\/01\/20210316_160120-1536x864.jpg 1536w, https:\/\/www.schmitzendrin.de\/wp-content\/uploads\/2022\/01\/20210316_160120.jpg 1600w\" sizes=\"auto, (max-width: 700px) 100vw, 700px\" \/><figcaption>Die Eisdiele im Regen<\/figcaption><\/figure><\/div>\n\n\n\n<div style=\"height:65px\" aria-hidden=\"true\" class=\"wp-block-spacer\"><\/div>\n\n\n\n<p class=\"has-text-align-center has-normal-font-size\"><strong>April 2021<\/strong> <strong>&#8211; Zwischen Renovierung und Kunst<\/strong><\/p>\n\n\n\n<p>Im Lockdown komme ich auch nicht zu mehr DIY. Mein Talent als Handwerkerin liegt bei h\u00f6chstens einem Prozent. Der Umzug ist sieben Monate her, aber ohne richtige Handwerker bin ich hilflos. St\u00fcckchenweise richten wir unser Haus immer gem\u00fctlicher ein. Und der Rest wartet bis ein passende Handwerkerin, ein Handwerker vorbeikommt. <\/p>\n\n\n\n<p>F\u00fcr ein bisschen Abwechslung sorgt ein Online-Kunstkurs. Die Buchung des Kurses war eine spontane Idee. W\u00e4hrend des Kurses sitze ich im Arbeitszimmer mit Rotwein und Chips und zeichne mich selbst. Diese kleinen Dinge, die ich f\u00fcr mich mache sind wunderbar. Ich habe Spa\u00df.<\/p>\n\n\n\n<div class=\"wp-block-image is-style-default\"><figure class=\"aligncenter size-large is-resized\"><img loading=\"lazy\" decoding=\"async\" src=\"http:\/\/www.schmitzendrin.de\/wp-content\/uploads\/2022\/01\/20210427_170448-1024x768.jpg\" alt=\"\" class=\"wp-image-1767\" width=\"465\" height=\"349\" srcset=\"https:\/\/www.schmitzendrin.de\/wp-content\/uploads\/2022\/01\/20210427_170448-1024x768.jpg 1024w, https:\/\/www.schmitzendrin.de\/wp-content\/uploads\/2022\/01\/20210427_170448-300x225.jpg 300w, https:\/\/www.schmitzendrin.de\/wp-content\/uploads\/2022\/01\/20210427_170448-768x576.jpg 768w, https:\/\/www.schmitzendrin.de\/wp-content\/uploads\/2022\/01\/20210427_170448-1536x1152.jpg 1536w, https:\/\/www.schmitzendrin.de\/wp-content\/uploads\/2022\/01\/20210427_170448-350x263.jpg 350w, https:\/\/www.schmitzendrin.de\/wp-content\/uploads\/2022\/01\/20210427_170448-780x586.jpg 780w, https:\/\/www.schmitzendrin.de\/wp-content\/uploads\/2022\/01\/20210427_170448-250x188.jpg 250w, https:\/\/www.schmitzendrin.de\/wp-content\/uploads\/2022\/01\/20210427_170448.jpg 1600w\" sizes=\"auto, (max-width: 465px) 100vw, 465px\" \/><\/figure><\/div>\n\n\n\n<div class=\"wp-block-image\"><figure class=\"aligncenter size-large is-resized\"><img loading=\"lazy\" decoding=\"async\" src=\"http:\/\/www.schmitzendrin.de\/wp-content\/uploads\/2022\/01\/20210430_211407-1-1024x768.jpg\" alt=\"\" class=\"wp-image-1768\" width=\"467\" height=\"350\" srcset=\"https:\/\/www.schmitzendrin.de\/wp-content\/uploads\/2022\/01\/20210430_211407-1-1024x768.jpg 1024w, https:\/\/www.schmitzendrin.de\/wp-content\/uploads\/2022\/01\/20210430_211407-1-300x225.jpg 300w, https:\/\/www.schmitzendrin.de\/wp-content\/uploads\/2022\/01\/20210430_211407-1-768x576.jpg 768w, https:\/\/www.schmitzendrin.de\/wp-content\/uploads\/2022\/01\/20210430_211407-1-1536x1152.jpg 1536w, https:\/\/www.schmitzendrin.de\/wp-content\/uploads\/2022\/01\/20210430_211407-1-350x263.jpg 350w, https:\/\/www.schmitzendrin.de\/wp-content\/uploads\/2022\/01\/20210430_211407-1-780x586.jpg 780w, https:\/\/www.schmitzendrin.de\/wp-content\/uploads\/2022\/01\/20210430_211407-1-250x188.jpg 250w, https:\/\/www.schmitzendrin.de\/wp-content\/uploads\/2022\/01\/20210430_211407-1.jpg 1600w\" sizes=\"auto, (max-width: 467px) 100vw, 467px\" \/><figcaption>Schmitzendrin in Kreide<\/figcaption><\/figure><\/div>\n\n\n\n<div style=\"height:65px\" aria-hidden=\"true\" class=\"wp-block-spacer\"><\/div>\n\n\n\n<p class=\"has-text-align-center has-normal-font-size\"><strong>Mai 2021 &#8211; Gr\u00fcn im Hof und auf dem Teller<\/strong><\/p>\n\n\n\n<p>Das Jahr 2021 k\u00f6nnte ich so benennen: Pflanzen eintopfen und das was geht sp\u00e4ter essen. Ich koche sowieso sehr gerne und trotz mittelm\u00e4\u00dfigem gr\u00fcnen Daumen pflanze ich hier und da etwas ein. Am liebsten Gr\u00fcnzeug, das ins Essen kann.<\/p>\n\n\n\n<p>Im weiteren Coronajahr koche ich viel und ausgiebig.<\/p>\n\n\n\n<div class=\"wp-block-image\"><figure class=\"aligncenter size-large is-resized\"><img loading=\"lazy\" decoding=\"async\" src=\"http:\/\/www.schmitzendrin.de\/wp-content\/uploads\/2022\/01\/20210529_140436-1024x768.jpg\" alt=\"\" class=\"wp-image-1771\" width=\"457\" height=\"343\" srcset=\"https:\/\/www.schmitzendrin.de\/wp-content\/uploads\/2022\/01\/20210529_140436-1024x768.jpg 1024w, https:\/\/www.schmitzendrin.de\/wp-content\/uploads\/2022\/01\/20210529_140436-300x225.jpg 300w, https:\/\/www.schmitzendrin.de\/wp-content\/uploads\/2022\/01\/20210529_140436-768x576.jpg 768w, https:\/\/www.schmitzendrin.de\/wp-content\/uploads\/2022\/01\/20210529_140436-1536x1152.jpg 1536w, https:\/\/www.schmitzendrin.de\/wp-content\/uploads\/2022\/01\/20210529_140436-350x263.jpg 350w, https:\/\/www.schmitzendrin.de\/wp-content\/uploads\/2022\/01\/20210529_140436-780x586.jpg 780w, https:\/\/www.schmitzendrin.de\/wp-content\/uploads\/2022\/01\/20210529_140436-250x188.jpg 250w, https:\/\/www.schmitzendrin.de\/wp-content\/uploads\/2022\/01\/20210529_140436.jpg 1600w\" sizes=\"auto, (max-width: 457px) 100vw, 457px\" \/><\/figure><\/div>\n\n\n\n<div class=\"wp-block-image\"><figure class=\"aligncenter size-large is-resized\"><img loading=\"lazy\" decoding=\"async\" src=\"http:\/\/www.schmitzendrin.de\/wp-content\/uploads\/2022\/01\/20210518_130525-1-1024x768.jpg\" alt=\"\" class=\"wp-image-1773\" width=\"457\" height=\"343\" srcset=\"https:\/\/www.schmitzendrin.de\/wp-content\/uploads\/2022\/01\/20210518_130525-1-1024x768.jpg 1024w, https:\/\/www.schmitzendrin.de\/wp-content\/uploads\/2022\/01\/20210518_130525-1-300x225.jpg 300w, https:\/\/www.schmitzendrin.de\/wp-content\/uploads\/2022\/01\/20210518_130525-1-768x576.jpg 768w, https:\/\/www.schmitzendrin.de\/wp-content\/uploads\/2022\/01\/20210518_130525-1-1536x1152.jpg 1536w, https:\/\/www.schmitzendrin.de\/wp-content\/uploads\/2022\/01\/20210518_130525-1-350x263.jpg 350w, https:\/\/www.schmitzendrin.de\/wp-content\/uploads\/2022\/01\/20210518_130525-1-780x586.jpg 780w, https:\/\/www.schmitzendrin.de\/wp-content\/uploads\/2022\/01\/20210518_130525-1-250x188.jpg 250w, https:\/\/www.schmitzendrin.de\/wp-content\/uploads\/2022\/01\/20210518_130525-1.jpg 1600w\" sizes=\"auto, (max-width: 457px) 100vw, 457px\" \/><\/figure><\/div>\n\n\n\n<div style=\"height:65px\" aria-hidden=\"true\" class=\"wp-block-spacer\"><\/div>\n\n\n\n<p class=\"has-text-align-center has-normal-font-size\"><strong>Juni 2021 &#8211; Test mit Streifenmuster plus Impfzentrum in karg<\/strong><\/p>\n\n\n\n<div class=\"wp-block-image\"><figure class=\"aligncenter size-large is-resized\"><img loading=\"lazy\" decoding=\"async\" src=\"http:\/\/www.schmitzendrin.de\/wp-content\/uploads\/2022\/01\/20210615_214030-768x1024.jpg\" alt=\"\" class=\"wp-image-1775\" width=\"235\" height=\"313\" srcset=\"https:\/\/www.schmitzendrin.de\/wp-content\/uploads\/2022\/01\/20210615_214030-768x1024.jpg 768w, https:\/\/www.schmitzendrin.de\/wp-content\/uploads\/2022\/01\/20210615_214030-225x300.jpg 225w, https:\/\/www.schmitzendrin.de\/wp-content\/uploads\/2022\/01\/20210615_214030-1152x1536.jpg 1152w, https:\/\/www.schmitzendrin.de\/wp-content\/uploads\/2022\/01\/20210615_214030.jpg 1200w\" sizes=\"auto, (max-width: 235px) 100vw, 235px\" \/><\/figure><\/div>\n\n\n\n<div class=\"wp-block-image\"><figure class=\"aligncenter size-large is-resized\"><img loading=\"lazy\" decoding=\"async\" src=\"http:\/\/www.schmitzendrin.de\/wp-content\/uploads\/2022\/01\/20210627_175107-1024x768.jpg\" alt=\"\" class=\"wp-image-1776\" width=\"306\" height=\"231\" srcset=\"https:\/\/www.schmitzendrin.de\/wp-content\/uploads\/2022\/01\/20210627_175107-1024x768.jpg 1024w, https:\/\/www.schmitzendrin.de\/wp-content\/uploads\/2022\/01\/20210627_175107-300x225.jpg 300w, https:\/\/www.schmitzendrin.de\/wp-content\/uploads\/2022\/01\/20210627_175107-768x576.jpg 768w, https:\/\/www.schmitzendrin.de\/wp-content\/uploads\/2022\/01\/20210627_175107-1536x1152.jpg 1536w, https:\/\/www.schmitzendrin.de\/wp-content\/uploads\/2022\/01\/20210627_175107-350x263.jpg 350w, https:\/\/www.schmitzendrin.de\/wp-content\/uploads\/2022\/01\/20210627_175107-780x586.jpg 780w, https:\/\/www.schmitzendrin.de\/wp-content\/uploads\/2022\/01\/20210627_175107-250x188.jpg 250w, https:\/\/www.schmitzendrin.de\/wp-content\/uploads\/2022\/01\/20210627_175107.jpg 1600w\" sizes=\"auto, (max-width: 306px) 100vw, 306px\" \/><\/figure><\/div>\n\n\n\n<p>Schnelltests gibt es viele, Selbsttests gibt es viele. Hier mein Schnelltest auf sch\u00f6ner Decke. Und dann ist im Juni mein Impftermin. Ich freue mich und bin dankbar f\u00fcr jedes karge Impfzentrum. <\/p>\n\n\n\n<p>In Erinnerung ist mir die W\u00e4rme an diesem Tag geblieben und dem anschlie\u00dfendem Wolkenbruch als ich aus dem Geb\u00e4ude trat. Ein unwirklicher Moment mit Zuversicht f\u00fcr die n\u00e4chsten Monate.<\/p>\n\n\n\n<p>Im Sommer treffe ich mich Freunden in Bonn zu einem leckerem Fr\u00fchst\u00fcck. Da wir im Jahr vorher aus Bonn rausgezogen sind, habe ich mich umso mehr gefreut mitten in der Stadt zu sitzen. Au\u00dferdem bin ich die 11,4 Kilometer mit dem Fahrrad gefahren. Was f\u00fcr eine Freude mein Fahrrad direkt am Bonngout (La vie est Bonngout) abzustellen &#8211; so als ob ich geradewegs aus Endenich k\u00e4me. Sch\u00f6ne Erinnerung an das Leben in Bonn.<\/p>\n\n\n\n<p>Und Freunde zu treffen ist das was ich am meisten in der Pandemie vermisse.<\/p>\n\n\n\n<div class=\"wp-block-image\"><figure class=\"aligncenter size-large is-resized\"><img loading=\"lazy\" decoding=\"async\" src=\"http:\/\/www.schmitzendrin.de\/wp-content\/uploads\/2022\/01\/20210619_113342-1024x576.jpg\" alt=\"\" class=\"wp-image-1777\" width=\"502\" height=\"282\" srcset=\"https:\/\/www.schmitzendrin.de\/wp-content\/uploads\/2022\/01\/20210619_113342-1024x576.jpg 1024w, https:\/\/www.schmitzendrin.de\/wp-content\/uploads\/2022\/01\/20210619_113342-300x169.jpg 300w, https:\/\/www.schmitzendrin.de\/wp-content\/uploads\/2022\/01\/20210619_113342-768x432.jpg 768w, https:\/\/www.schmitzendrin.de\/wp-content\/uploads\/2022\/01\/20210619_113342-1536x864.jpg 1536w, https:\/\/www.schmitzendrin.de\/wp-content\/uploads\/2022\/01\/20210619_113342.jpg 1600w\" sizes=\"auto, (max-width: 502px) 100vw, 502px\" \/><\/figure><\/div>\n\n\n\n<p>Im Juni fahren wir an einem langen Wochenende an die Mosel. Herrlich! Der Tapetenwechsel ist wohltuend und wir entspannen uns. Es gibt kein Besichtigungsprogramm, nur flanieren, spazieren und genie\u00dfen. Ich bin so entspannt, dass ich damit einverstanden bin im Restaurant so zu sitzen, dass meine beiden M\u00e4nner ein EM-Fu\u00dfballspiel schauen k\u00f6nnen. <\/p>\n\n\n\n<div class=\"wp-block-image\"><figure class=\"aligncenter size-large is-resized\"><img loading=\"lazy\" decoding=\"async\" src=\"http:\/\/www.schmitzendrin.de\/wp-content\/uploads\/2022\/01\/Trabach-1-1024x768.jpg\" alt=\"\" class=\"wp-image-1788\" width=\"522\" height=\"391\" srcset=\"https:\/\/www.schmitzendrin.de\/wp-content\/uploads\/2022\/01\/Trabach-1-1024x768.jpg 1024w, https:\/\/www.schmitzendrin.de\/wp-content\/uploads\/2022\/01\/Trabach-1-300x225.jpg 300w, https:\/\/www.schmitzendrin.de\/wp-content\/uploads\/2022\/01\/Trabach-1-768x576.jpg 768w, https:\/\/www.schmitzendrin.de\/wp-content\/uploads\/2022\/01\/Trabach-1-1536x1152.jpg 1536w, https:\/\/www.schmitzendrin.de\/wp-content\/uploads\/2022\/01\/Trabach-1-350x263.jpg 350w, https:\/\/www.schmitzendrin.de\/wp-content\/uploads\/2022\/01\/Trabach-1-780x586.jpg 780w, https:\/\/www.schmitzendrin.de\/wp-content\/uploads\/2022\/01\/Trabach-1-250x188.jpg 250w, https:\/\/www.schmitzendrin.de\/wp-content\/uploads\/2022\/01\/Trabach-1.jpg 1600w\" sizes=\"auto, (max-width: 522px) 100vw, 522px\" \/><\/figure><\/div>\n\n\n\n<div class=\"wp-block-image\"><figure class=\"aligncenter size-large is-resized\"><img loading=\"lazy\" decoding=\"async\" src=\"http:\/\/www.schmitzendrin.de\/wp-content\/uploads\/2022\/01\/Enkirch-7-1024x683.jpg\" alt=\"\" class=\"wp-image-1787\" width=\"519\" height=\"345\" srcset=\"https:\/\/www.schmitzendrin.de\/wp-content\/uploads\/2022\/01\/Enkirch-7-1024x683.jpg 1024w, https:\/\/www.schmitzendrin.de\/wp-content\/uploads\/2022\/01\/Enkirch-7-300x200.jpg 300w, https:\/\/www.schmitzendrin.de\/wp-content\/uploads\/2022\/01\/Enkirch-7-768x512.jpg 768w, https:\/\/www.schmitzendrin.de\/wp-content\/uploads\/2022\/01\/Enkirch-7-1536x1024.jpg 1536w, https:\/\/www.schmitzendrin.de\/wp-content\/uploads\/2022\/01\/Enkirch-7.jpg 1600w\" sizes=\"auto, (max-width: 519px) 100vw, 519px\" \/><\/figure><\/div>\n\n\n\n<div style=\"height:65px\" aria-hidden=\"true\" class=\"wp-block-spacer\"><\/div>\n\n\n\n<p class=\"has-text-align-center has-normal-font-size\"><strong>Juli 2021 &#8211; Friedliches mit den Familien<\/strong><\/p>\n\n\n\n<div class=\"wp-block-image\"><figure class=\"aligncenter size-large is-resized\"><img loading=\"lazy\" decoding=\"async\" src=\"http:\/\/www.schmitzendrin.de\/wp-content\/uploads\/2022\/01\/20210721_210716-1024x768.jpg\" alt=\"\" class=\"wp-image-1797\" width=\"653\" height=\"490\" srcset=\"https:\/\/www.schmitzendrin.de\/wp-content\/uploads\/2022\/01\/20210721_210716-1024x768.jpg 1024w, https:\/\/www.schmitzendrin.de\/wp-content\/uploads\/2022\/01\/20210721_210716-300x225.jpg 300w, https:\/\/www.schmitzendrin.de\/wp-content\/uploads\/2022\/01\/20210721_210716-768x576.jpg 768w, https:\/\/www.schmitzendrin.de\/wp-content\/uploads\/2022\/01\/20210721_210716-1536x1152.jpg 1536w, https:\/\/www.schmitzendrin.de\/wp-content\/uploads\/2022\/01\/20210721_210716-350x263.jpg 350w, https:\/\/www.schmitzendrin.de\/wp-content\/uploads\/2022\/01\/20210721_210716-780x586.jpg 780w, https:\/\/www.schmitzendrin.de\/wp-content\/uploads\/2022\/01\/20210721_210716-250x188.jpg 250w, https:\/\/www.schmitzendrin.de\/wp-content\/uploads\/2022\/01\/20210721_210716.jpg 1600w\" sizes=\"auto, (max-width: 653px) 100vw, 653px\" \/><\/figure><\/div>\n\n\n\n<p>Ich empfinde den Sommer schon immer als eine friedliche Zeit. Die Luft schwingt, die Seele ist erw\u00e4rmt und die Natur sch\u00f6pft aus den Vollen. Wir hatten ein sch\u00f6nes kleines Familienfest in diesem Juli und konnten ein bisschen auf Reisen gehen.<\/p>\n\n\n\n<div class=\"wp-block-image\"><figure class=\"aligncenter size-large is-resized\"><img loading=\"lazy\" decoding=\"async\" src=\"http:\/\/www.schmitzendrin.de\/wp-content\/uploads\/2022\/01\/20210724_141258-1024x769.jpg\" alt=\"\" class=\"wp-image-1796\" width=\"422\" height=\"316\" srcset=\"https:\/\/www.schmitzendrin.de\/wp-content\/uploads\/2022\/01\/20210724_141258-1024x769.jpg 1024w, https:\/\/www.schmitzendrin.de\/wp-content\/uploads\/2022\/01\/20210724_141258-300x225.jpg 300w, https:\/\/www.schmitzendrin.de\/wp-content\/uploads\/2022\/01\/20210724_141258-768x576.jpg 768w, https:\/\/www.schmitzendrin.de\/wp-content\/uploads\/2022\/01\/20210724_141258-350x263.jpg 350w, https:\/\/www.schmitzendrin.de\/wp-content\/uploads\/2022\/01\/20210724_141258-780x586.jpg 780w, https:\/\/www.schmitzendrin.de\/wp-content\/uploads\/2022\/01\/20210724_141258-250x188.jpg 250w, https:\/\/www.schmitzendrin.de\/wp-content\/uploads\/2022\/01\/20210724_141258.jpg 1251w\" sizes=\"auto, (max-width: 422px) 100vw, 422px\" \/><\/figure><\/div>\n\n\n\n<p>Wir waren in der n\u00e4heren Umgebung unterwegs: Sonne auf der Schiffstour mit der super-tollen KD, Wind auf der Fahrradtour zur Bad Honnefer Insel, Gewitter nach Abstieg aus den Baumkronen im Baumwipfelpfad und wieder Sonne an der Mosel. Diesmal waren wir in Schweich bei Trier. <\/p>\n\n\n\n<p>Wir hatten uns gegen eine Reise ins Ausland entschieden, was ich gut finde. Die Pandemie macht mich dem\u00fctig. Hauptsache gesund und munter und das Lachen nicht vergessen. Ich versuche meinen Blick auf das Sch\u00f6ne zu lenken. Ab und zu verkrieche ich mich nat\u00fcrlich unter die Bettdecke und bejammer f\u00fcr wenige Zeit den Alltag. <\/p>\n\n\n\n<div class=\"wp-block-image\"><figure class=\"aligncenter size-large is-resized\"><img loading=\"lazy\" decoding=\"async\" src=\"http:\/\/www.schmitzendrin.de\/wp-content\/uploads\/2022\/01\/P1240461-1024x640.jpg\" alt=\"\" class=\"wp-image-1798\" width=\"620\" height=\"387\" srcset=\"https:\/\/www.schmitzendrin.de\/wp-content\/uploads\/2022\/01\/P1240461-1024x640.jpg 1024w, https:\/\/www.schmitzendrin.de\/wp-content\/uploads\/2022\/01\/P1240461-300x188.jpg 300w, https:\/\/www.schmitzendrin.de\/wp-content\/uploads\/2022\/01\/P1240461-768x480.jpg 768w, https:\/\/www.schmitzendrin.de\/wp-content\/uploads\/2022\/01\/P1240461.jpg 1403w\" sizes=\"auto, (max-width: 620px) 100vw, 620px\" \/><figcaption>Trier, Schlo\u00dfgarten<\/figcaption><\/figure><\/div>\n\n\n\n<div style=\"height:65px\" aria-hidden=\"true\" class=\"wp-block-spacer\"><\/div>\n\n\n\n<p>In einem zweiten Beitrag geht es weiter mit meinem Jahresr\u00fcckblick.<\/p>\n\n\n\n<p><a rel=\"noreferrer noopener\" href=\"http:\/\/www.schmitzendrin.de\/?p=1806\" target=\"_blank\">R\u00fcckblick 2021 \u2013 2. Halbjahr<\/a><\/p>\n\n\n\n<div style=\"height:100px\" aria-hidden=\"true\" class=\"wp-block-spacer\"><\/div>\n\n\n\n<p> <\/p>\n","protected":false},"excerpt":{"rendered":"<p>Wie waren die vergangenen 12 Monate? Wie hat sich das eine Jahr angef\u00fchlt? R\u00fcckblickend wei\u00df ich Vieles nicht mehr genau und manche Dinge sind vergessen. Ich wei\u00df zum Beispiel nicht mehr, wann der erste Impfstoff zugelassen wurde. An meine erste Impfung im Juni erinnere ich mich noch genau. Und ich wei\u00df noch wie gut ich mich im Herbst gef\u00fchlt habe, als wir spontan an die Nordsee gefahren sind. Und ich erinnere mich wie sch\u00f6n die Sommerferien waren &#8211; auch ohne Urlaub am Meer. Ich wei\u00df auch wie schwierig ich es oft fand, in der Coronapandemie immer aufs Neue entscheiden zu m\u00fcssen. Ich habe abgewogen zwischen Freunde treffen und vorsichtig sein. Das Jahr empfand ich in dieser Hinsicht als anstrengender als 2019. Vielleicht weil ich mir mehr erhofft hatte und, dass die Maske im Gesicht der Vergangenheit angeh\u00f6ren k\u00f6nnte. Hier mein R\u00fcckblick anhand einzelner Fotos aus den vergangenen Monaten. Januar 2021 &#8211; Schnee und Masken Der Monat startet noch mit Stoff- anstatt FFP2-Maske im Zug auf dem Weg zur Arbeit. Nach ruhigen Weihnachtsferien in denen wir das erste mal seit Jahrzehnten nicht mit der kompletten Familie gefeiert haben, f\u00fchlt sich alles still und leise an. Leise ist es auch im Schnee, der im Siebengebirge f\u00e4llt. Wir unternehmen sch\u00f6ne Spazierg\u00e4nge und ich f\u00fchle mich gut. Drau\u00dfen treffe ich mich mit Freundinnen, die ich davor zu wenig gesehen habe. Und wir gehen ohne schlechtes Gewissen mit Abstand und viel frischer Luft spazieren. Februar 2021 &#8211; Karneval im Homeoffice Das war doch der Februar wo ich im Homeoffice war? Plus Mann, plus Kind, plus K\u00fcche, Kochen und allem Pipapo. Schlimm war es nicht. Manche Tage waren anstrengend. Unter anderem genau dann, wenn ich morgens oder sp\u00e4t abends gef\u00fchlt 200 Seiten f\u00fcr die Schule ausdrucken musste. Oder wenn ich in der Planung steckte: wer unterst\u00fctzt wann das Kind, wer kocht was, wann und wer kauft ein. Homeoffice bietet viele Vorteile. Wenn ich von Zuhause arbeite, genie\u00dfe ich besonders die Zeit, die ich durch die fehlende Anreise ins B\u00fcro gewinne. Im Homeoffice sitze ich l\u00e4nger am Rechner, arbeite effizient und konzentriert. Da ich mehrere kurze Pausen mache, bin ich oftmals auch nicht abgespannt wie nach einem Tag im B\u00fcro. Karneval ziehe ich nicht mehr wild durchs Land wie vor vielen Jahren. Aber trotzdem sind wir an ein paar Tagen kost\u00fcmiert unterwegs. Dieses Jahr habe ich es nicht vermisst. Vielleicht weil das Ansteckungsrisiko durch Corona mich sowieso nicht ans Feiern denken l\u00e4sst. M\u00e4rz 2021 &#8211; Beim \u00c4lter werden die Sonne vermissen In diesem Jahr bin ich nicht nur auf dem Papier \u00e4lter geworden, sondern an den Augen. Meine erste Gleitsichtbrille musste her, ein Herausz\u00f6gern ging nicht mehr. Ich entscheide oft schnell, ohne durch viele L\u00e4den zu tingeln. Coronabedingt mit Maske, hatte ich wenig Lust intensiv nach einer passenden Brille zu suchen. Ich hatte Gl\u00fcck, wurde gut beraten und bin mit zitternden Knie aus dem Optikergesch\u00e4ft. Bange Tage des Wartens auf das Modell und ein bisschen Sorge, ob ich gut Treppen gehen kann, mir schwindelig wird oder ich Kopfschmerzen kriege. Ich habe viel geh\u00f6rt von diesen ersten Schritten mit Gleitsichtbrille. Es ging alles gut. Ich mag zwar immer noch nicht eine Brille zu tragen, weil ich es so unpraktisch finde. Manchmal vergesse ich aber auch, dass ich sie anhabe. Ich werde nicht j\u00fcnger. Vielleicht sollte ich mir einfach x-Modelle wie Elton John zulegen &#8211; f\u00fcr mehr Spa\u00df beim Brille tragen und im Leben. Im M\u00e4rz war es eisig kalt, kein Fr\u00fchling nahte und wetterm\u00e4\u00dfig und \u00fcberhaupt alles sehr bescheiden. April 2021 &#8211; Zwischen Renovierung und Kunst Im Lockdown komme ich auch nicht zu mehr DIY. Mein Talent als Handwerkerin liegt bei h\u00f6chstens einem Prozent. Der Umzug ist sieben Monate her, aber ohne richtige Handwerker bin ich hilflos. St\u00fcckchenweise richten wir unser Haus immer gem\u00fctlicher ein. Und der Rest wartet bis ein passende Handwerkerin, ein Handwerker vorbeikommt. F\u00fcr ein bisschen Abwechslung sorgt ein Online-Kunstkurs. Die Buchung des Kurses war eine spontane Idee. W\u00e4hrend des Kurses sitze ich im Arbeitszimmer mit Rotwein und Chips und zeichne mich selbst. Diese kleinen Dinge, die ich f\u00fcr mich mache sind wunderbar. Ich habe Spa\u00df. Mai 2021 &#8211; Gr\u00fcn im Hof und auf dem Teller Das Jahr 2021 k\u00f6nnte ich so benennen: Pflanzen eintopfen und das was geht sp\u00e4ter essen. Ich koche sowieso sehr gerne und trotz mittelm\u00e4\u00dfigem gr\u00fcnen Daumen pflanze ich hier und da etwas ein. Am liebsten Gr\u00fcnzeug, das ins Essen kann. Im weiteren Coronajahr koche ich viel und ausgiebig. Juni 2021 &#8211; Test mit Streifenmuster plus Impfzentrum in karg Schnelltests gibt es viele, Selbsttests gibt es viele. Hier mein Schnelltest auf sch\u00f6ner Decke. Und dann ist im Juni mein Impftermin. Ich freue mich und bin dankbar f\u00fcr jedes karge Impfzentrum. In Erinnerung ist mir die W\u00e4rme an diesem Tag geblieben und dem anschlie\u00dfendem Wolkenbruch als ich aus dem Geb\u00e4ude trat. Ein unwirklicher Moment mit Zuversicht f\u00fcr die n\u00e4chsten Monate. Im Sommer treffe ich mich Freunden in Bonn zu einem leckerem Fr\u00fchst\u00fcck. Da wir im Jahr vorher aus Bonn rausgezogen sind, habe ich mich umso mehr gefreut mitten in der Stadt zu sitzen. Au\u00dferdem bin ich die 11,4 Kilometer mit dem Fahrrad gefahren. Was f\u00fcr eine Freude mein Fahrrad direkt am Bonngout (La vie est Bonngout) abzustellen &#8211; so als ob ich geradewegs aus Endenich k\u00e4me. Sch\u00f6ne Erinnerung an das Leben in Bonn. Und Freunde zu treffen ist das was ich am meisten in der Pandemie vermisse. Im Juni fahren wir an einem langen Wochenende an die Mosel. Herrlich! Der Tapetenwechsel ist wohltuend und wir entspannen uns. Es gibt kein Besichtigungsprogramm, nur flanieren, spazieren und genie\u00dfen. Ich bin so entspannt, dass ich damit einverstanden bin im Restaurant so zu sitzen, dass meine beiden M\u00e4nner ein EM-Fu\u00dfballspiel schauen k\u00f6nnen. Juli 2021 &#8211; Friedliches mit den Familien Ich empfinde den Sommer schon immer als eine friedliche Zeit. Die Luft schwingt, die Seele ist erw\u00e4rmt und die Natur sch\u00f6pft aus den Vollen. Wir hatten ein sch\u00f6nes kleines Familienfest in diesem Juli und konnten ein bisschen auf Reisen gehen. Wir waren in der n\u00e4heren Umgebung unterwegs: Sonne auf der Schiffstour mit der super-tollen KD, Wind auf der Fahrradtour zur Bad Honnefer Insel, Gewitter nach Abstieg aus den Baumkronen im Baumwipfelpfad und wieder Sonne an der Mosel. Diesmal waren wir in Schweich bei Trier. Wir hatten uns gegen eine Reise ins Ausland entschieden, was ich gut finde. Die Pandemie macht mich dem\u00fctig. Hauptsache gesund und munter und das Lachen nicht vergessen. Ich versuche meinen Blick auf das Sch\u00f6ne zu lenken. Ab und zu verkrieche ich mich nat\u00fcrlich unter die Bettdecke und bejammer f\u00fcr wenige Zeit den Alltag. In einem zweiten Beitrag geht es weiter mit meinem Jahresr\u00fcckblick. R\u00fcckblick 2021 \u2013 2. Halbjahr<\/p>\n","protected":false},"author":1,"featured_media":1761,"comment_status":"closed","ping_status":"open","sticky":false,"template":"","format":"standard","meta":{"footnotes":""},"categories":[2],"tags":[],"class_list":["post-1750","post","type-post","status-publish","format-standard","has-post-thumbnail","hentry","category-verschmitzt-und-zugenaeht"],"_links":{"self":[{"href":"https:\/\/www.schmitzendrin.de\/index.php?rest_route=\/wp\/v2\/posts\/1750","targetHints":{"allow":["GET"]}}],"collection":[{"href":"https:\/\/www.schmitzendrin.de\/index.php?rest_route=\/wp\/v2\/posts"}],"about":[{"href":"https:\/\/www.schmitzendrin.de\/index.php?rest_route=\/wp\/v2\/types\/post"}],"author":[{"embeddable":true,"href":"https:\/\/www.schmitzendrin.de\/index.php?rest_route=\/wp\/v2\/users\/1"}],"replies":[{"embeddable":true,"href":"https:\/\/www.schmitzendrin.de\/index.php?rest_route=%2Fwp%2Fv2%2Fcomments&post=1750"}],"version-history":[{"count":72,"href":"https:\/\/www.schmitzendrin.de\/index.php?rest_route=\/wp\/v2\/posts\/1750\/revisions"}],"predecessor-version":[{"id":1957,"href":"https:\/\/www.schmitzendrin.de\/index.php?rest_route=\/wp\/v2\/posts\/1750\/revisions\/1957"}],"wp:featuredmedia":[{"embeddable":true,"href":"https:\/\/www.schmitzendrin.de\/index.php?rest_route=\/wp\/v2\/media\/1761"}],"wp:attachment":[{"href":"https:\/\/www.schmitzendrin.de\/index.php?rest_route=%2Fwp%2Fv2%2Fmedia&parent=1750"}],"wp:term":[{"taxonomy":"category","embeddable":true,"href":"https:\/\/www.schmitzendrin.de\/index.php?rest_route=%2Fwp%2Fv2%2Fcategories&post=1750"},{"taxonomy":"post_tag","embeddable":true,"href":"https:\/\/www.schmitzendrin.de\/index.php?rest_route=%2Fwp%2Fv2%2Ftags&post=1750"}],"curies":[{"name":"wp","href":"https:\/\/api.w.org\/{rel}","templated":true}]}}