{"id":1806,"date":"2022-01-01T22:26:06","date_gmt":"2022-01-01T22:26:06","guid":{"rendered":"http:\/\/www.schmitzendrin.de\/?p=1806"},"modified":"2022-01-03T22:36:10","modified_gmt":"2022-01-03T22:36:10","slug":"rueckblick-2021-2-halbjahr","status":"publish","type":"post","link":"https:\/\/www.schmitzendrin.de\/?p=1806","title":{"rendered":"R\u00fcckblick 2021 &#8211; 2. Halbjahr"},"content":{"rendered":"\n<p>Hier geht es weiter mit meinem Jahresr\u00fcckblick. Start ins zweite Halbjahr.<\/p>\n\n\n\n<p>Den R\u00fcckblick der ersten Monate findet Ihr hier: <a rel=\"noreferrer noopener\" href=\"http:\/\/www.schmitzendrin.de\/?p=1750\" target=\"_blank\">R\u00fcckblick 2021 \u2013 1. Halbjahr<\/a><\/p>\n\n\n\n<div style=\"height:65px\" aria-hidden=\"true\" class=\"wp-block-spacer\"><\/div>\n\n\n\n<p class=\"has-text-align-center has-normal-font-size\"><strong>August 2021 &#8211; Abwechselnd Rumh\u00e4ngen und Rumlaufen<\/strong><\/p>\n\n\n\n<p>In meiner Erinnerung war die Sonne nur punktuell da. Und immer, wenn sie da war schmiss ich mich in die H\u00e4ngematte. Blick in den Himmel und in die Wolken. Da habe ich begonnen Wolkenfotos zu machen. Ein merkw\u00fcrdiges Hobby in diesem Jahr. <\/p>\n\n\n\n<p>Ich glaube im August gab es keine Kontaktbeschr\u00e4nken. In NRW ja sowieso nicht. Im laschen Land wurde vieles lasch behandelt. Die Spazierg\u00e4nge liefen weiter und weil wir so sch\u00f6n wohnen, spaziere ich immer wieder am Rhein und im Siebengebirge. Kein Pilgern, trotzdem gut zum Nachdenken. <\/p>\n\n\n\n<div class=\"wp-block-image\"><figure class=\"aligncenter size-large is-resized\"><img loading=\"lazy\" decoding=\"async\" src=\"http:\/\/www.schmitzendrin.de\/wp-content\/uploads\/2022\/01\/20210808_193349-1024x768.jpg\" alt=\"\" class=\"wp-image-1808\" width=\"692\" height=\"519\" srcset=\"https:\/\/www.schmitzendrin.de\/wp-content\/uploads\/2022\/01\/20210808_193349-1024x768.jpg 1024w, https:\/\/www.schmitzendrin.de\/wp-content\/uploads\/2022\/01\/20210808_193349-300x225.jpg 300w, https:\/\/www.schmitzendrin.de\/wp-content\/uploads\/2022\/01\/20210808_193349-768x576.jpg 768w, https:\/\/www.schmitzendrin.de\/wp-content\/uploads\/2022\/01\/20210808_193349-1536x1152.jpg 1536w, https:\/\/www.schmitzendrin.de\/wp-content\/uploads\/2022\/01\/20210808_193349-350x263.jpg 350w, https:\/\/www.schmitzendrin.de\/wp-content\/uploads\/2022\/01\/20210808_193349-780x586.jpg 780w, https:\/\/www.schmitzendrin.de\/wp-content\/uploads\/2022\/01\/20210808_193349-250x188.jpg 250w, https:\/\/www.schmitzendrin.de\/wp-content\/uploads\/2022\/01\/20210808_193349.jpg 1600w\" sizes=\"auto, (max-width: 692px) 100vw, 692px\" \/><\/figure><\/div>\n\n\n\n<div class=\"wp-block-image\"><figure class=\"aligncenter size-large is-resized\"><img loading=\"lazy\" decoding=\"async\" src=\"http:\/\/www.schmitzendrin.de\/wp-content\/uploads\/2022\/01\/20210808_155159-1024x768.jpg\" alt=\"\" class=\"wp-image-1810\" width=\"593\" height=\"444\" srcset=\"https:\/\/www.schmitzendrin.de\/wp-content\/uploads\/2022\/01\/20210808_155159-1024x768.jpg 1024w, https:\/\/www.schmitzendrin.de\/wp-content\/uploads\/2022\/01\/20210808_155159-300x225.jpg 300w, https:\/\/www.schmitzendrin.de\/wp-content\/uploads\/2022\/01\/20210808_155159-768x576.jpg 768w, https:\/\/www.schmitzendrin.de\/wp-content\/uploads\/2022\/01\/20210808_155159-1536x1152.jpg 1536w, https:\/\/www.schmitzendrin.de\/wp-content\/uploads\/2022\/01\/20210808_155159-350x263.jpg 350w, https:\/\/www.schmitzendrin.de\/wp-content\/uploads\/2022\/01\/20210808_155159-250x188.jpg 250w, https:\/\/www.schmitzendrin.de\/wp-content\/uploads\/2022\/01\/20210808_155159.jpg 1600w\" sizes=\"auto, (max-width: 593px) 100vw, 593px\" \/><\/figure><\/div>\n\n\n\n<div class=\"wp-block-image\"><figure class=\"aligncenter size-large is-resized\"><img loading=\"lazy\" decoding=\"async\" src=\"http:\/\/www.schmitzendrin.de\/wp-content\/uploads\/2022\/01\/20210804_175921-1024x768.jpg\" alt=\"\" class=\"wp-image-1809\" width=\"594\" height=\"446\" srcset=\"https:\/\/www.schmitzendrin.de\/wp-content\/uploads\/2022\/01\/20210804_175921-1024x768.jpg 1024w, https:\/\/www.schmitzendrin.de\/wp-content\/uploads\/2022\/01\/20210804_175921-300x225.jpg 300w, https:\/\/www.schmitzendrin.de\/wp-content\/uploads\/2022\/01\/20210804_175921-768x576.jpg 768w, https:\/\/www.schmitzendrin.de\/wp-content\/uploads\/2022\/01\/20210804_175921-1536x1152.jpg 1536w, https:\/\/www.schmitzendrin.de\/wp-content\/uploads\/2022\/01\/20210804_175921-350x263.jpg 350w, https:\/\/www.schmitzendrin.de\/wp-content\/uploads\/2022\/01\/20210804_175921-780x586.jpg 780w, https:\/\/www.schmitzendrin.de\/wp-content\/uploads\/2022\/01\/20210804_175921-250x188.jpg 250w, https:\/\/www.schmitzendrin.de\/wp-content\/uploads\/2022\/01\/20210804_175921.jpg 1600w\" sizes=\"auto, (max-width: 594px) 100vw, 594px\" \/><\/figure><\/div>\n\n\n\n<div style=\"height:65px\" aria-hidden=\"true\" class=\"wp-block-spacer\"><\/div>\n\n\n\n<p class=\"has-text-align-center has-normal-font-size\"><strong>September 2021 &#8211; Aus dem Nebel zur Entscheidung<\/strong><\/p>\n\n\n\n<p>Wenn in meinem Leben etwas nicht mehr funktioniert, \u00e4ndere ich es. Manchmal brauchen Themen ihre Zeit. So war es bei der Entscheidung mir einen neuen Job zu suchen. Durch den Umzug im letzten Jahr, verl\u00e4ngerte sich mein Arbeitsweg. Pendeln ist nicht schlimm, wenn es kurzweilig ist und nicht erm\u00fcdet. Ich hatte die Entscheidung getroffen mich zu beruflich zu ver\u00e4ndern und wieder n\u00e4her am Wohnort zu arbeiten. Ich glaube die Lust auf Ver\u00e4nderung und ein Ortswechsel haben sich getroffen und mir bei der Entscheidung geholfen. <\/p>\n\n\n\n<div class=\"wp-block-image\"><figure class=\"aligncenter size-large is-resized\"><img loading=\"lazy\" decoding=\"async\" src=\"http:\/\/www.schmitzendrin.de\/wp-content\/uploads\/2022\/01\/20210917_071631-1024x768.jpg\" alt=\"\" class=\"wp-image-1818\" width=\"628\" height=\"471\" srcset=\"https:\/\/www.schmitzendrin.de\/wp-content\/uploads\/2022\/01\/20210917_071631-1024x768.jpg 1024w, https:\/\/www.schmitzendrin.de\/wp-content\/uploads\/2022\/01\/20210917_071631-300x225.jpg 300w, https:\/\/www.schmitzendrin.de\/wp-content\/uploads\/2022\/01\/20210917_071631-768x576.jpg 768w, https:\/\/www.schmitzendrin.de\/wp-content\/uploads\/2022\/01\/20210917_071631-1536x1152.jpg 1536w, https:\/\/www.schmitzendrin.de\/wp-content\/uploads\/2022\/01\/20210917_071631-350x263.jpg 350w, https:\/\/www.schmitzendrin.de\/wp-content\/uploads\/2022\/01\/20210917_071631-780x586.jpg 780w, https:\/\/www.schmitzendrin.de\/wp-content\/uploads\/2022\/01\/20210917_071631-250x188.jpg 250w, https:\/\/www.schmitzendrin.de\/wp-content\/uploads\/2022\/01\/20210917_071631.jpg 1600w\" sizes=\"auto, (max-width: 628px) 100vw, 628px\" \/><\/figure><\/div>\n\n\n\n<div class=\"wp-block-image\"><figure class=\"aligncenter size-large is-resized\"><img loading=\"lazy\" decoding=\"async\" src=\"http:\/\/www.schmitzendrin.de\/wp-content\/uploads\/2022\/01\/20210908_204443-1024x768.jpg\" alt=\"\" class=\"wp-image-1819\" width=\"628\" height=\"471\" srcset=\"https:\/\/www.schmitzendrin.de\/wp-content\/uploads\/2022\/01\/20210908_204443-1024x768.jpg 1024w, https:\/\/www.schmitzendrin.de\/wp-content\/uploads\/2022\/01\/20210908_204443-300x225.jpg 300w, https:\/\/www.schmitzendrin.de\/wp-content\/uploads\/2022\/01\/20210908_204443-768x576.jpg 768w, https:\/\/www.schmitzendrin.de\/wp-content\/uploads\/2022\/01\/20210908_204443-1536x1152.jpg 1536w, https:\/\/www.schmitzendrin.de\/wp-content\/uploads\/2022\/01\/20210908_204443-350x263.jpg 350w, https:\/\/www.schmitzendrin.de\/wp-content\/uploads\/2022\/01\/20210908_204443-780x586.jpg 780w, https:\/\/www.schmitzendrin.de\/wp-content\/uploads\/2022\/01\/20210908_204443-250x188.jpg 250w, https:\/\/www.schmitzendrin.de\/wp-content\/uploads\/2022\/01\/20210908_204443.jpg 1600w\" sizes=\"auto, (max-width: 628px) 100vw, 628px\" \/><\/figure><\/div>\n\n\n\n<div style=\"height:65px\" aria-hidden=\"true\" class=\"wp-block-spacer\"><\/div>\n\n\n\n<p class=\"has-text-align-center has-normal-font-size\"><strong>Oktober 2021 &#8211; \u00dcberraschend sch\u00f6n<\/strong><\/p>\n\n\n\n<p>Kurzfristig fuhren wir in der ersten Schulferienwoche nach D\u00e4nemark. Wir verbringen oft dort die Sommerferien. Es war ein bisschen verr\u00fcckt f\u00fcr eine Woche 800 Kilometer zu fahren. Es hat sich gelohnt. Bereits die ersten Meter auf der Autobahn war ich in Urlaubsstimmung. In D\u00e4nemark war das Wetter herrlich, blauer Himmel wie im Sommer, nur herbstlich k\u00fchl war es. <\/p>\n\n\n\n<div class=\"wp-block-image\"><figure class=\"aligncenter size-large\"><img loading=\"lazy\" decoding=\"async\" width=\"1024\" height=\"683\" src=\"http:\/\/www.schmitzendrin.de\/wp-content\/uploads\/2022\/01\/P1240785-1024x683.jpg\" alt=\"\" class=\"wp-image-1833\" srcset=\"https:\/\/www.schmitzendrin.de\/wp-content\/uploads\/2022\/01\/P1240785-1024x683.jpg 1024w, https:\/\/www.schmitzendrin.de\/wp-content\/uploads\/2022\/01\/P1240785-300x200.jpg 300w, https:\/\/www.schmitzendrin.de\/wp-content\/uploads\/2022\/01\/P1240785-768x512.jpg 768w, https:\/\/www.schmitzendrin.de\/wp-content\/uploads\/2022\/01\/P1240785-1536x1024.jpg 1536w, https:\/\/www.schmitzendrin.de\/wp-content\/uploads\/2022\/01\/P1240785.jpg 1600w\" sizes=\"auto, (max-width: 1024px) 100vw, 1024px\" \/><\/figure><\/div>\n\n\n\n<p>Es las sich ungewohnt, dass es in D\u00e4nemark keine Maskenpflicht mehr gab. Ehrlicherweise war das bisherige Tragen der Masken sofort vergessen. Als h\u00e4tte ich das nie erlebt. Beim zweiten Einkaufen, war ich ohne Maske unterwegs. Die Gesch\u00e4fte waren nicht voll, es gab kein Gedr\u00e4nge und alle verhielten sich umsichtig. <\/p>\n\n\n\n<p>Ende Oktober hatten wir einen Termin in Regensburg und wir hingen zwei Tage Urlaub dran. Eine wundersch\u00f6ne Ur-Altstadt. Wir lie\u00dfen uns treiben. Waren viel drau\u00dfen in den nebligen Gassen unterwegs. Erschreckend die da schon hohe Inzidenz in der Stadt. Sp\u00e4ter sollte das auch im Rheinland folgen.   <\/p>\n\n\n\n<div class=\"wp-block-image\"><figure class=\"aligncenter size-large is-resized\"><img loading=\"lazy\" decoding=\"async\" src=\"http:\/\/www.schmitzendrin.de\/wp-content\/uploads\/2022\/01\/20211027_200817-1024x768.jpg\" alt=\"\" class=\"wp-image-1834\" width=\"611\" height=\"458\" srcset=\"https:\/\/www.schmitzendrin.de\/wp-content\/uploads\/2022\/01\/20211027_200817-1024x768.jpg 1024w, https:\/\/www.schmitzendrin.de\/wp-content\/uploads\/2022\/01\/20211027_200817-300x225.jpg 300w, https:\/\/www.schmitzendrin.de\/wp-content\/uploads\/2022\/01\/20211027_200817-768x576.jpg 768w, https:\/\/www.schmitzendrin.de\/wp-content\/uploads\/2022\/01\/20211027_200817-1536x1152.jpg 1536w, https:\/\/www.schmitzendrin.de\/wp-content\/uploads\/2022\/01\/20211027_200817-350x263.jpg 350w, https:\/\/www.schmitzendrin.de\/wp-content\/uploads\/2022\/01\/20211027_200817-780x586.jpg 780w, https:\/\/www.schmitzendrin.de\/wp-content\/uploads\/2022\/01\/20211027_200817-250x188.jpg 250w, https:\/\/www.schmitzendrin.de\/wp-content\/uploads\/2022\/01\/20211027_200817.jpg 1600w\" sizes=\"auto, (max-width: 611px) 100vw, 611px\" \/><\/figure><\/div>\n\n\n\n<div style=\"height:65px\" aria-hidden=\"true\" class=\"wp-block-spacer\"><\/div>\n\n\n\n<p class=\"has-text-align-center has-normal-font-size\"><strong>November 2021 &#8211; bepackt und gewuppt<\/strong><\/p>\n\n\n\n<p>Der November ist vollgepackt. Mit Arbeit, mit K\u00fcmmern, mit vielen Themen. Ich schaffe auch diesen Monat. Die M\u00fcdigkeit nimmt zu. Fr\u00fch aus dem Bett und fr\u00fch ins Bett ist das Motto des Novembers. Zum ersten Advent ist der Adventskranz noch nicht fertig.<\/p>\n\n\n\n<div class=\"wp-block-image\"><figure class=\"aligncenter size-large is-resized\"><img loading=\"lazy\" decoding=\"async\" src=\"http:\/\/www.schmitzendrin.de\/wp-content\/uploads\/2022\/01\/20211129_062640-1024x768.jpg\" alt=\"\" class=\"wp-image-1841\" width=\"544\" height=\"408\" srcset=\"https:\/\/www.schmitzendrin.de\/wp-content\/uploads\/2022\/01\/20211129_062640-1024x768.jpg 1024w, https:\/\/www.schmitzendrin.de\/wp-content\/uploads\/2022\/01\/20211129_062640-300x225.jpg 300w, https:\/\/www.schmitzendrin.de\/wp-content\/uploads\/2022\/01\/20211129_062640-768x576.jpg 768w, https:\/\/www.schmitzendrin.de\/wp-content\/uploads\/2022\/01\/20211129_062640-1536x1152.jpg 1536w, https:\/\/www.schmitzendrin.de\/wp-content\/uploads\/2022\/01\/20211129_062640-350x263.jpg 350w, https:\/\/www.schmitzendrin.de\/wp-content\/uploads\/2022\/01\/20211129_062640-780x586.jpg 780w, https:\/\/www.schmitzendrin.de\/wp-content\/uploads\/2022\/01\/20211129_062640-250x188.jpg 250w, https:\/\/www.schmitzendrin.de\/wp-content\/uploads\/2022\/01\/20211129_062640.jpg 1600w\" sizes=\"auto, (max-width: 544px) 100vw, 544px\" \/><\/figure><\/div>\n\n\n\n<div class=\"wp-block-image\"><figure class=\"aligncenter size-large is-resized\"><img loading=\"lazy\" decoding=\"async\" src=\"http:\/\/www.schmitzendrin.de\/wp-content\/uploads\/2022\/01\/20211128_182046-1024x767.jpg\" alt=\"\" class=\"wp-image-1842\" width=\"541\" height=\"405\" srcset=\"https:\/\/www.schmitzendrin.de\/wp-content\/uploads\/2022\/01\/20211128_182046-1024x767.jpg 1024w, https:\/\/www.schmitzendrin.de\/wp-content\/uploads\/2022\/01\/20211128_182046-300x225.jpg 300w, https:\/\/www.schmitzendrin.de\/wp-content\/uploads\/2022\/01\/20211128_182046-768x575.jpg 768w, https:\/\/www.schmitzendrin.de\/wp-content\/uploads\/2022\/01\/20211128_182046-350x263.jpg 350w, https:\/\/www.schmitzendrin.de\/wp-content\/uploads\/2022\/01\/20211128_182046-780x586.jpg 780w, https:\/\/www.schmitzendrin.de\/wp-content\/uploads\/2022\/01\/20211128_182046-250x188.jpg 250w, https:\/\/www.schmitzendrin.de\/wp-content\/uploads\/2022\/01\/20211128_182046.jpg 1459w\" sizes=\"auto, (max-width: 541px) 100vw, 541px\" \/><\/figure><\/div>\n\n\n\n<p>F\u00fcr den anstehenden Jobwechsel nehme ich das Fahrrad von K\u00f6ln wieder mit nach Hause. Genug der Pendelei. <\/p>\n\n\n\n<div class=\"wp-block-image\"><figure class=\"aligncenter size-large is-resized\"><img loading=\"lazy\" decoding=\"async\" src=\"http:\/\/www.schmitzendrin.de\/wp-content\/uploads\/2022\/01\/20211210_142322-769x1024.jpg\" alt=\"\" class=\"wp-image-1843\" width=\"426\" height=\"567\" srcset=\"https:\/\/www.schmitzendrin.de\/wp-content\/uploads\/2022\/01\/20211210_142322-769x1024.jpg 769w, https:\/\/www.schmitzendrin.de\/wp-content\/uploads\/2022\/01\/20211210_142322-225x300.jpg 225w, https:\/\/www.schmitzendrin.de\/wp-content\/uploads\/2022\/01\/20211210_142322-768x1023.jpg 768w, https:\/\/www.schmitzendrin.de\/wp-content\/uploads\/2022\/01\/20211210_142322.jpg 1077w\" sizes=\"auto, (max-width: 426px) 100vw, 426px\" \/><\/figure><\/div>\n\n\n\n<p>Highlight zum Jahresende ist eine M\u00e4delstour ans Meer. Wer wei\u00df, ob es 2022 besser wird. Alle doppelt und dreifach geimpft. Wir sind nur unter uns, Spazierg\u00e4nge am Meer und gem\u00fctliches Zusammenhocken im Ferienhaus.<\/p>\n\n\n\n<div class=\"wp-block-image\"><figure class=\"aligncenter size-large is-resized\"><img loading=\"lazy\" decoding=\"async\" src=\"http:\/\/www.schmitzendrin.de\/wp-content\/uploads\/2022\/01\/20211126_165400-1024x768.jpg\" alt=\"\" class=\"wp-image-1845\" width=\"621\" height=\"466\" srcset=\"https:\/\/www.schmitzendrin.de\/wp-content\/uploads\/2022\/01\/20211126_165400-1024x768.jpg 1024w, https:\/\/www.schmitzendrin.de\/wp-content\/uploads\/2022\/01\/20211126_165400-300x225.jpg 300w, https:\/\/www.schmitzendrin.de\/wp-content\/uploads\/2022\/01\/20211126_165400-768x576.jpg 768w, https:\/\/www.schmitzendrin.de\/wp-content\/uploads\/2022\/01\/20211126_165400-1536x1152.jpg 1536w, https:\/\/www.schmitzendrin.de\/wp-content\/uploads\/2022\/01\/20211126_165400-350x263.jpg 350w, https:\/\/www.schmitzendrin.de\/wp-content\/uploads\/2022\/01\/20211126_165400-780x586.jpg 780w, https:\/\/www.schmitzendrin.de\/wp-content\/uploads\/2022\/01\/20211126_165400-250x188.jpg 250w, https:\/\/www.schmitzendrin.de\/wp-content\/uploads\/2022\/01\/20211126_165400.jpg 1600w\" sizes=\"auto, (max-width: 621px) 100vw, 621px\" \/><\/figure><\/div>\n\n\n\n<div style=\"height:65px\" aria-hidden=\"true\" class=\"wp-block-spacer\"><\/div>\n\n\n\n<p class=\"has-text-align-center has-normal-font-size\"><strong>Dezember 2021 &#8211; Knusperh\u00e4uschen<\/strong><\/p>\n\n\n\n<p>An Silvester spielen wir mit Freunden digital &#8222;Montagsmaler&#8220; und ein Begriff den wir erraten m\u00fcssen ist &#8222;Lebkuchenhaus&#8220;. Ich habe mir zig Varianten f\u00fcr Knusperh\u00e4uschen \u00fcberlegt, aber auf &#8222;Lebkuchen&#8220; bin ich nicht gekommen. Digital in diesem Jahr, weil Corona-Vorsicht dazwischen gefunkte. Ich bin genervt. Weihnachtsmusik h\u00f6ren und parallel \u00fcber steigende Inzidenzen lesen macht mir keinen Spa\u00df.<\/p>\n\n\n\n<p>Der \u00c4rger verfliegt schnell wieder. Drinnen und drau\u00dfen ist alles wie in einem Knusperh\u00e4uschen. Phantasie, Zuversicht und Fr\u00f6hlichkeit sind meine Akzente im Dezember.  Wichtig ist, sich an das Gute zu Erinnern.<\/p>\n\n\n\n<div class=\"wp-block-image\"><figure class=\"aligncenter size-large is-resized\"><img loading=\"lazy\" decoding=\"async\" src=\"http:\/\/www.schmitzendrin.de\/wp-content\/uploads\/2022\/01\/20211224_222306-1024x768.jpg\" alt=\"\" class=\"wp-image-1848\" width=\"669\" height=\"502\" srcset=\"https:\/\/www.schmitzendrin.de\/wp-content\/uploads\/2022\/01\/20211224_222306-1024x768.jpg 1024w, https:\/\/www.schmitzendrin.de\/wp-content\/uploads\/2022\/01\/20211224_222306-300x225.jpg 300w, https:\/\/www.schmitzendrin.de\/wp-content\/uploads\/2022\/01\/20211224_222306-768x576.jpg 768w, https:\/\/www.schmitzendrin.de\/wp-content\/uploads\/2022\/01\/20211224_222306-1536x1152.jpg 1536w, https:\/\/www.schmitzendrin.de\/wp-content\/uploads\/2022\/01\/20211224_222306-350x263.jpg 350w, https:\/\/www.schmitzendrin.de\/wp-content\/uploads\/2022\/01\/20211224_222306-780x586.jpg 780w, https:\/\/www.schmitzendrin.de\/wp-content\/uploads\/2022\/01\/20211224_222306-250x188.jpg 250w, https:\/\/www.schmitzendrin.de\/wp-content\/uploads\/2022\/01\/20211224_222306.jpg 1600w\" sizes=\"auto, (max-width: 669px) 100vw, 669px\" \/><\/figure><\/div>\n\n\n\n<p>Ich bin dankbar f\u00fcr einen netten Abschied im B\u00fcro und f\u00fcr vier super gute beruflichen Jahre. K\u00f6ln zeigt sich bei der letzten Fahrt romantisch. Sonnenuntergang am Bahnhof. <\/p>\n\n\n\n<div class=\"wp-block-image\"><figure class=\"aligncenter size-large is-resized\"><img loading=\"lazy\" decoding=\"async\" src=\"http:\/\/www.schmitzendrin.de\/wp-content\/uploads\/2022\/01\/20211220_171700-1024x768.jpg\" alt=\"\" class=\"wp-image-1849\" width=\"662\" height=\"496\" srcset=\"https:\/\/www.schmitzendrin.de\/wp-content\/uploads\/2022\/01\/20211220_171700-1024x768.jpg 1024w, https:\/\/www.schmitzendrin.de\/wp-content\/uploads\/2022\/01\/20211220_171700-300x225.jpg 300w, https:\/\/www.schmitzendrin.de\/wp-content\/uploads\/2022\/01\/20211220_171700-768x576.jpg 768w, https:\/\/www.schmitzendrin.de\/wp-content\/uploads\/2022\/01\/20211220_171700-1536x1152.jpg 1536w, https:\/\/www.schmitzendrin.de\/wp-content\/uploads\/2022\/01\/20211220_171700-350x263.jpg 350w, https:\/\/www.schmitzendrin.de\/wp-content\/uploads\/2022\/01\/20211220_171700-780x586.jpg 780w, https:\/\/www.schmitzendrin.de\/wp-content\/uploads\/2022\/01\/20211220_171700-250x188.jpg 250w, https:\/\/www.schmitzendrin.de\/wp-content\/uploads\/2022\/01\/20211220_171700.jpg 1600w\" sizes=\"auto, (max-width: 662px) 100vw, 662px\" \/><\/figure><\/div>\n\n\n\n<div class=\"wp-block-image\"><figure class=\"aligncenter size-large is-resized\"><img loading=\"lazy\" decoding=\"async\" src=\"http:\/\/www.schmitzendrin.de\/wp-content\/uploads\/2022\/01\/20211230_154840-1024x768.jpg\" alt=\"\" class=\"wp-image-1850\" width=\"660\" height=\"495\" srcset=\"https:\/\/www.schmitzendrin.de\/wp-content\/uploads\/2022\/01\/20211230_154840-1024x768.jpg 1024w, https:\/\/www.schmitzendrin.de\/wp-content\/uploads\/2022\/01\/20211230_154840-300x225.jpg 300w, https:\/\/www.schmitzendrin.de\/wp-content\/uploads\/2022\/01\/20211230_154840-768x576.jpg 768w, https:\/\/www.schmitzendrin.de\/wp-content\/uploads\/2022\/01\/20211230_154840-1536x1152.jpg 1536w, https:\/\/www.schmitzendrin.de\/wp-content\/uploads\/2022\/01\/20211230_154840-350x263.jpg 350w, https:\/\/www.schmitzendrin.de\/wp-content\/uploads\/2022\/01\/20211230_154840-780x586.jpg 780w, https:\/\/www.schmitzendrin.de\/wp-content\/uploads\/2022\/01\/20211230_154840-250x188.jpg 250w, https:\/\/www.schmitzendrin.de\/wp-content\/uploads\/2022\/01\/20211230_154840.jpg 1600w\" sizes=\"auto, (max-width: 660px) 100vw, 660px\" \/><\/figure><\/div>\n\n\n\n<p>Spazieren gehen, geht immer. Und immer wieder der Drachenfels. Bestimmt wohnt doch ein Gl\u00fccksdrache.<\/p>\n\n\n\n<p>Ich w\u00fcnsche Euch viel Gl\u00fcck und Gesundheit f\u00fcr 2022. <\/p>\n\n\n\n<div style=\"height:65px\" aria-hidden=\"true\" class=\"wp-block-spacer\"><\/div>\n","protected":false},"excerpt":{"rendered":"<p>Hier geht es weiter mit meinem Jahresr\u00fcckblick. Start ins zweite Halbjahr. Den R\u00fcckblick der ersten Monate findet Ihr hier: R\u00fcckblick 2021 \u2013 1. Halbjahr August 2021 &#8211; Abwechselnd Rumh\u00e4ngen und Rumlaufen In meiner Erinnerung war die Sonne nur punktuell da. Und immer, wenn sie da war schmiss ich mich in die H\u00e4ngematte. Blick in den Himmel und in die Wolken. Da habe ich begonnen Wolkenfotos zu machen. Ein merkw\u00fcrdiges Hobby in diesem Jahr. Ich glaube im August gab es keine Kontaktbeschr\u00e4nken. In NRW ja sowieso nicht. Im laschen Land wurde vieles lasch behandelt. Die Spazierg\u00e4nge liefen weiter und weil wir so sch\u00f6n wohnen, spaziere ich immer wieder am Rhein und im Siebengebirge. Kein Pilgern, trotzdem gut zum Nachdenken. September 2021 &#8211; Aus dem Nebel zur Entscheidung Wenn in meinem Leben etwas nicht mehr funktioniert, \u00e4ndere ich es. Manchmal brauchen Themen ihre Zeit. So war es bei der Entscheidung mir einen neuen Job zu suchen. Durch den Umzug im letzten Jahr, verl\u00e4ngerte sich mein Arbeitsweg. Pendeln ist nicht schlimm, wenn es kurzweilig ist und nicht erm\u00fcdet. Ich hatte die Entscheidung getroffen mich zu beruflich zu ver\u00e4ndern und wieder n\u00e4her am Wohnort zu arbeiten. Ich glaube die Lust auf Ver\u00e4nderung und ein Ortswechsel haben sich getroffen und mir bei der Entscheidung geholfen. Oktober 2021 &#8211; \u00dcberraschend sch\u00f6n Kurzfristig fuhren wir in der ersten Schulferienwoche nach D\u00e4nemark. Wir verbringen oft dort die Sommerferien. Es war ein bisschen verr\u00fcckt f\u00fcr eine Woche 800 Kilometer zu fahren. Es hat sich gelohnt. Bereits die ersten Meter auf der Autobahn war ich in Urlaubsstimmung. In D\u00e4nemark war das Wetter herrlich, blauer Himmel wie im Sommer, nur herbstlich k\u00fchl war es. Es las sich ungewohnt, dass es in D\u00e4nemark keine Maskenpflicht mehr gab. Ehrlicherweise war das bisherige Tragen der Masken sofort vergessen. Als h\u00e4tte ich das nie erlebt. Beim zweiten Einkaufen, war ich ohne Maske unterwegs. Die Gesch\u00e4fte waren nicht voll, es gab kein Gedr\u00e4nge und alle verhielten sich umsichtig. Ende Oktober hatten wir einen Termin in Regensburg und wir hingen zwei Tage Urlaub dran. Eine wundersch\u00f6ne Ur-Altstadt. Wir lie\u00dfen uns treiben. Waren viel drau\u00dfen in den nebligen Gassen unterwegs. Erschreckend die da schon hohe Inzidenz in der Stadt. Sp\u00e4ter sollte das auch im Rheinland folgen. November 2021 &#8211; bepackt und gewuppt Der November ist vollgepackt. Mit Arbeit, mit K\u00fcmmern, mit vielen Themen. Ich schaffe auch diesen Monat. Die M\u00fcdigkeit nimmt zu. Fr\u00fch aus dem Bett und fr\u00fch ins Bett ist das Motto des Novembers. Zum ersten Advent ist der Adventskranz noch nicht fertig. F\u00fcr den anstehenden Jobwechsel nehme ich das Fahrrad von K\u00f6ln wieder mit nach Hause. Genug der Pendelei. Highlight zum Jahresende ist eine M\u00e4delstour ans Meer. Wer wei\u00df, ob es 2022 besser wird. Alle doppelt und dreifach geimpft. Wir sind nur unter uns, Spazierg\u00e4nge am Meer und gem\u00fctliches Zusammenhocken im Ferienhaus. Dezember 2021 &#8211; Knusperh\u00e4uschen An Silvester spielen wir mit Freunden digital &#8222;Montagsmaler&#8220; und ein Begriff den wir erraten m\u00fcssen ist &#8222;Lebkuchenhaus&#8220;. Ich habe mir zig Varianten f\u00fcr Knusperh\u00e4uschen \u00fcberlegt, aber auf &#8222;Lebkuchen&#8220; bin ich nicht gekommen. Digital in diesem Jahr, weil Corona-Vorsicht dazwischen gefunkte. Ich bin genervt. Weihnachtsmusik h\u00f6ren und parallel \u00fcber steigende Inzidenzen lesen macht mir keinen Spa\u00df. Der \u00c4rger verfliegt schnell wieder. Drinnen und drau\u00dfen ist alles wie in einem Knusperh\u00e4uschen. Phantasie, Zuversicht und Fr\u00f6hlichkeit sind meine Akzente im Dezember. Wichtig ist, sich an das Gute zu Erinnern. Ich bin dankbar f\u00fcr einen netten Abschied im B\u00fcro und f\u00fcr vier super gute beruflichen Jahre. K\u00f6ln zeigt sich bei der letzten Fahrt romantisch. Sonnenuntergang am Bahnhof. Spazieren gehen, geht immer. Und immer wieder der Drachenfels. Bestimmt wohnt doch ein Gl\u00fccksdrache. Ich w\u00fcnsche Euch viel Gl\u00fcck und Gesundheit f\u00fcr 2022.<\/p>\n","protected":false},"author":1,"featured_media":1798,"comment_status":"closed","ping_status":"open","sticky":false,"template":"","format":"standard","meta":{"footnotes":""},"categories":[2],"tags":[],"class_list":["post-1806","post","type-post","status-publish","format-standard","has-post-thumbnail","hentry","category-verschmitzt-und-zugenaeht"],"_links":{"self":[{"href":"https:\/\/www.schmitzendrin.de\/index.php?rest_route=\/wp\/v2\/posts\/1806","targetHints":{"allow":["GET"]}}],"collection":[{"href":"https:\/\/www.schmitzendrin.de\/index.php?rest_route=\/wp\/v2\/posts"}],"about":[{"href":"https:\/\/www.schmitzendrin.de\/index.php?rest_route=\/wp\/v2\/types\/post"}],"author":[{"embeddable":true,"href":"https:\/\/www.schmitzendrin.de\/index.php?rest_route=\/wp\/v2\/users\/1"}],"replies":[{"embeddable":true,"href":"https:\/\/www.schmitzendrin.de\/index.php?rest_route=%2Fwp%2Fv2%2Fcomments&post=1806"}],"version-history":[{"count":35,"href":"https:\/\/www.schmitzendrin.de\/index.php?rest_route=\/wp\/v2\/posts\/1806\/revisions"}],"predecessor-version":[{"id":1970,"href":"https:\/\/www.schmitzendrin.de\/index.php?rest_route=\/wp\/v2\/posts\/1806\/revisions\/1970"}],"wp:featuredmedia":[{"embeddable":true,"href":"https:\/\/www.schmitzendrin.de\/index.php?rest_route=\/wp\/v2\/media\/1798"}],"wp:attachment":[{"href":"https:\/\/www.schmitzendrin.de\/index.php?rest_route=%2Fwp%2Fv2%2Fmedia&parent=1806"}],"wp:term":[{"taxonomy":"category","embeddable":true,"href":"https:\/\/www.schmitzendrin.de\/index.php?rest_route=%2Fwp%2Fv2%2Fcategories&post=1806"},{"taxonomy":"post_tag","embeddable":true,"href":"https:\/\/www.schmitzendrin.de\/index.php?rest_route=%2Fwp%2Fv2%2Ftags&post=1806"}],"curies":[{"name":"wp","href":"https:\/\/api.w.org\/{rel}","templated":true}]}}