{"id":1993,"date":"2022-01-06T18:02:41","date_gmt":"2022-01-06T18:02:41","guid":{"rendered":"http:\/\/www.schmitzendrin.de\/?p=1993"},"modified":"2022-01-16T13:50:57","modified_gmt":"2022-01-16T13:50:57","slug":"kw-1-die-woche-in-bonn-weg-bin-ich","status":"publish","type":"post","link":"https:\/\/www.schmitzendrin.de\/?p=1993","title":{"rendered":"KW 1 \/\/ Die Woche in Bonn"},"content":{"rendered":"\n<p>Ich bin dann mal weg. Die Beethovenstatue hat ihren Sockel verlassen. Darf ich mal rauf?<\/p>\n\n\n\n<figure class=\"wp-block-image size-large\"><img loading=\"lazy\" decoding=\"async\" width=\"1024\" height=\"768\" src=\"http:\/\/www.schmitzendrin.de\/wp-content\/uploads\/2022\/01\/20220106_083650-1024x768.jpg\" alt=\"\" class=\"wp-image-1995\" srcset=\"https:\/\/www.schmitzendrin.de\/wp-content\/uploads\/2022\/01\/20220106_083650-1024x768.jpg 1024w, https:\/\/www.schmitzendrin.de\/wp-content\/uploads\/2022\/01\/20220106_083650-300x225.jpg 300w, https:\/\/www.schmitzendrin.de\/wp-content\/uploads\/2022\/01\/20220106_083650-768x576.jpg 768w, https:\/\/www.schmitzendrin.de\/wp-content\/uploads\/2022\/01\/20220106_083650-1536x1152.jpg 1536w, https:\/\/www.schmitzendrin.de\/wp-content\/uploads\/2022\/01\/20220106_083650-350x263.jpg 350w, https:\/\/www.schmitzendrin.de\/wp-content\/uploads\/2022\/01\/20220106_083650-780x586.jpg 780w, https:\/\/www.schmitzendrin.de\/wp-content\/uploads\/2022\/01\/20220106_083650-250x188.jpg 250w, https:\/\/www.schmitzendrin.de\/wp-content\/uploads\/2022\/01\/20220106_083650.jpg 1600w\" sizes=\"auto, (max-width: 1024px) 100vw, 1024px\" \/><figcaption>M\u00fcnsterplatz Bonn<\/figcaption><\/figure>\n\n\n\n<p>Die Statue wiegt circa drei Tonnen und wurde am 5. Januar angehoben und wegtransportiert. Sie wird voraussichtlich bis zum Sommer 2022 restauriert.<\/p>\n\n\n\n<p>Eingeweiht wurde die Statue Beethovens 1845, achtzehn Jahre nach seinem Tod. In Bonn wurde Ludwig van Beethoven geboren und blieb dort die ersten 22 Jahre.<\/p>\n\n\n\n<p>Neben dem begehrten Fotomotiv auf dem M\u00fcnsterplatz ist nat\u00fcrlich der Besuch seines Geburtshauses ein Highlight f\u00fcr jeden Bonn-Besucher und Beethoven-Fan.<\/p>\n\n\n\n<p><a href=\"https:\/\/www.beethoven.de\/de\/\" target=\"_blank\" rel=\"noreferrer noopener\">Beethoven-Haus Bonn<\/a><\/p>\n\n\n\n<p>Herzlichst Eure Frau Schmitz<\/p>\n\n\n\n<div style=\"height:100px\" aria-hidden=\"true\" class=\"wp-block-spacer\"><\/div>\n\n\n\n<p><\/p>\n","protected":false},"excerpt":{"rendered":"<p>Ich bin dann mal weg. Die Beethovenstatue hat ihren Sockel verlassen. Darf ich mal rauf? Die Statue wiegt circa drei Tonnen und wurde am 5. Januar angehoben und wegtransportiert. Sie wird voraussichtlich bis zum Sommer 2022 restauriert. Eingeweiht wurde die Statue Beethovens 1845, achtzehn Jahre nach seinem Tod. In Bonn wurde Ludwig van Beethoven geboren und blieb dort die ersten 22 Jahre. Neben dem begehrten Fotomotiv auf dem M\u00fcnsterplatz ist nat\u00fcrlich der Besuch seines Geburtshauses ein Highlight f\u00fcr jeden Bonn-Besucher und Beethoven-Fan. Beethoven-Haus Bonn Herzlichst Eure Frau Schmitz<\/p>\n","protected":false},"author":1,"featured_media":1995,"comment_status":"open","ping_status":"open","sticky":false,"template":"","format":"standard","meta":{"footnotes":""},"categories":[17],"tags":[],"class_list":["post-1993","post","type-post","status-publish","format-standard","has-post-thumbnail","hentry","category-meinewoche"],"_links":{"self":[{"href":"https:\/\/www.schmitzendrin.de\/index.php?rest_route=\/wp\/v2\/posts\/1993","targetHints":{"allow":["GET"]}}],"collection":[{"href":"https:\/\/www.schmitzendrin.de\/index.php?rest_route=\/wp\/v2\/posts"}],"about":[{"href":"https:\/\/www.schmitzendrin.de\/index.php?rest_route=\/wp\/v2\/types\/post"}],"author":[{"embeddable":true,"href":"https:\/\/www.schmitzendrin.de\/index.php?rest_route=\/wp\/v2\/users\/1"}],"replies":[{"embeddable":true,"href":"https:\/\/www.schmitzendrin.de\/index.php?rest_route=%2Fwp%2Fv2%2Fcomments&post=1993"}],"version-history":[{"count":10,"href":"https:\/\/www.schmitzendrin.de\/index.php?rest_route=\/wp\/v2\/posts\/1993\/revisions"}],"predecessor-version":[{"id":2054,"href":"https:\/\/www.schmitzendrin.de\/index.php?rest_route=\/wp\/v2\/posts\/1993\/revisions\/2054"}],"wp:featuredmedia":[{"embeddable":true,"href":"https:\/\/www.schmitzendrin.de\/index.php?rest_route=\/wp\/v2\/media\/1995"}],"wp:attachment":[{"href":"https:\/\/www.schmitzendrin.de\/index.php?rest_route=%2Fwp%2Fv2%2Fmedia&parent=1993"}],"wp:term":[{"taxonomy":"category","embeddable":true,"href":"https:\/\/www.schmitzendrin.de\/index.php?rest_route=%2Fwp%2Fv2%2Fcategories&post=1993"},{"taxonomy":"post_tag","embeddable":true,"href":"https:\/\/www.schmitzendrin.de\/index.php?rest_route=%2Fwp%2Fv2%2Ftags&post=1993"}],"curies":[{"name":"wp","href":"https:\/\/api.w.org\/{rel}","templated":true}]}}