{"id":2040,"date":"2022-01-16T13:41:23","date_gmt":"2022-01-16T13:41:23","guid":{"rendered":"http:\/\/www.schmitzendrin.de\/?p=2040"},"modified":"2022-01-16T13:49:31","modified_gmt":"2022-01-16T13:49:31","slug":"kw-2-die-woche-in-bonn","status":"publish","type":"post","link":"https:\/\/www.schmitzendrin.de\/?p=2040","title":{"rendered":"KW 2 \/\/ Die Woche in Bonn"},"content":{"rendered":"\n<div class=\"wp-block-image\"><figure class=\"aligncenter size-large is-resized\"><img loading=\"lazy\" decoding=\"async\" src=\"http:\/\/www.schmitzendrin.de\/wp-content\/uploads\/2022\/01\/20220110_140147-1024x768.jpg\" alt=\"\" class=\"wp-image-2039\" width=\"579\" height=\"434\" srcset=\"https:\/\/www.schmitzendrin.de\/wp-content\/uploads\/2022\/01\/20220110_140147-1024x768.jpg 1024w, https:\/\/www.schmitzendrin.de\/wp-content\/uploads\/2022\/01\/20220110_140147-300x225.jpg 300w, https:\/\/www.schmitzendrin.de\/wp-content\/uploads\/2022\/01\/20220110_140147-768x576.jpg 768w, https:\/\/www.schmitzendrin.de\/wp-content\/uploads\/2022\/01\/20220110_140147-350x263.jpg 350w, https:\/\/www.schmitzendrin.de\/wp-content\/uploads\/2022\/01\/20220110_140147-780x586.jpg 780w, https:\/\/www.schmitzendrin.de\/wp-content\/uploads\/2022\/01\/20220110_140147-250x188.jpg 250w, https:\/\/www.schmitzendrin.de\/wp-content\/uploads\/2022\/01\/20220110_140147.jpg 1200w\" sizes=\"auto, (max-width: 579px) 100vw, 579px\" \/><figcaption>B\u00e4ume in der Bonner Altstadt<\/figcaption><\/figure><\/div>\n\n\n\n<p>Ade sagt manch eine*r zum Weihnachtsbaum und legt ihn auf die Stra\u00dfe. F\u00fcr andere f\u00e4ngt die Gem\u00fctlichkeit jetzt erst an.<\/p>\n\n\n\n<p>Unser Baum bleibt noch bis Ende Januar stehen.<\/p>\n\n\n\n<p>Wir stellen den Baum meist am 23. Dezember auf und dann sind wir in den n\u00e4chsten Tagen bei den Familien. Richtig betrachten und riechen k\u00f6nnen wir unseren Baum dann erst drei oder auch mal vier Tage sp\u00e4ter. F\u00fcr mich beginnen dann die gem\u00fctlichen Wochen. <\/p>\n\n\n\n<p>Dann genie\u00dfe ich die freien Tage, den Winter und die Ruhe. Ich setze mich gerne ins Wohnzimmer direkt neben den Baum, stelle die Weihnachtsmusik an und faulenze vor mich hin. Wenn im Januar wieder Arbeit und Schule beginnen, bleibt der Platz am leuchtenden Weihnachtsbaum mein Lieblingsort. <\/p>\n\n\n\n<p>Und weil der Winter oft in den ersten Wochen des neuen Jahres Fahrt aufnimmt, bleiben das geschm\u00fcckte B\u00e4umchen  mit dem besonderen Licht und die Weihnachtsdekoration. Ich kann einfach nicht den Baum rausschmei\u00dfen und Tulpen auf den Tisch stellen. Die Energie f\u00fcr Neues, Aufbruchstimmung ist f\u00fcr mich mit dem Fr\u00fchjahr verbunden.<\/p>\n\n\n\n<p>Jetzt in den beiden Wintermonaten m\u00f6chte ich noch kleine Spazierg\u00e4nge an grauen Tagen machen, Schlittenfahren gehen und frieren, hei\u00dfen Punsch trinken und an der Feuerschale sitzen. Ein Hoch auf besinnliche Stunden, auf F\u00fc\u00dfe an der Heizung w\u00e4rmen und auf das in-sich-gekehrt sein.<\/p>\n\n\n\n<p>Herzlichst Eure Frau Schmitz<\/p>\n\n\n\n<p>PS. Laut bonnorange werden in Bonn die geschredderten B\u00e4ume f\u00fcr Rekultivierungsma\u00dfnahmen und zur klimafreundlichen Stromproduktion genutzt.<\/p>\n\n\n\n<div class=\"wp-block-image\"><figure class=\"alignleft size-large is-resized\"><img loading=\"lazy\" decoding=\"async\" src=\"http:\/\/www.schmitzendrin.de\/wp-content\/uploads\/2022\/01\/20220110_140958-1024x768.jpg\" alt=\"\" class=\"wp-image-2038\" width=\"527\" height=\"396\" srcset=\"https:\/\/www.schmitzendrin.de\/wp-content\/uploads\/2022\/01\/20220110_140958-1024x768.jpg 1024w, https:\/\/www.schmitzendrin.de\/wp-content\/uploads\/2022\/01\/20220110_140958-300x225.jpg 300w, https:\/\/www.schmitzendrin.de\/wp-content\/uploads\/2022\/01\/20220110_140958-768x576.jpg 768w, https:\/\/www.schmitzendrin.de\/wp-content\/uploads\/2022\/01\/20220110_140958-350x263.jpg 350w, https:\/\/www.schmitzendrin.de\/wp-content\/uploads\/2022\/01\/20220110_140958-780x586.jpg 780w, https:\/\/www.schmitzendrin.de\/wp-content\/uploads\/2022\/01\/20220110_140958-250x188.jpg 250w, https:\/\/www.schmitzendrin.de\/wp-content\/uploads\/2022\/01\/20220110_140958.jpg 1200w\" sizes=\"auto, (max-width: 527px) 100vw, 527px\" \/><\/figure><\/div>\n\n\n\n<figure class=\"wp-block-embed alignleft is-type-wp-embed is-provider-schmitzendrin wp-block-embed-schmitzendrin\"><div class=\"wp-block-embed__wrapper\">\n<blockquote class=\"wp-embedded-content\" data-secret=\"xrgjVwA8BE\"><a href=\"http:\/\/www.schmitzendrin.de\/?p=377\">Tulpen schleichen sich am Weihnachtsbaum vorbei<\/a><\/blockquote><iframe loading=\"lazy\" class=\"wp-embedded-content\" sandbox=\"allow-scripts\" security=\"restricted\" style=\"position: absolute; clip: rect(1px, 1px, 1px, 1px);\" title=\"&#8222;Tulpen schleichen sich am Weihnachtsbaum vorbei&#8220; &#8212; Schmitzendrin\" src=\"http:\/\/www.schmitzendrin.de\/?p=377&#038;embed=true#?secret=jlHBssuKNG#?secret=xrgjVwA8BE\" data-secret=\"xrgjVwA8BE\" width=\"600\" height=\"338\" frameborder=\"0\" marginwidth=\"0\" marginheight=\"0\" scrolling=\"no\"><\/iframe>\n<\/div><\/figure>\n\n\n\n<div style=\"height:100px\" aria-hidden=\"true\" class=\"wp-block-spacer\"><\/div>\n","protected":false},"excerpt":{"rendered":"<p>Ade sagt manch eine*r zum Weihnachtsbaum und legt ihn auf die Stra\u00dfe. F\u00fcr andere f\u00e4ngt die Gem\u00fctlichkeit jetzt erst an. Unser Baum bleibt noch bis Ende Januar stehen. Wir stellen den Baum meist am 23. Dezember auf und dann sind wir in den n\u00e4chsten Tagen bei den Familien. Richtig betrachten und riechen k\u00f6nnen wir unseren Baum dann erst drei oder auch mal vier Tage sp\u00e4ter. F\u00fcr mich beginnen dann die gem\u00fctlichen Wochen. Dann genie\u00dfe ich die freien Tage, den Winter und die Ruhe. Ich setze mich gerne ins Wohnzimmer direkt neben den Baum, stelle die Weihnachtsmusik an und faulenze vor mich hin. Wenn im Januar wieder Arbeit und Schule beginnen, bleibt der Platz am leuchtenden Weihnachtsbaum mein Lieblingsort. Und weil der Winter oft in den ersten Wochen des neuen Jahres Fahrt aufnimmt, bleiben das geschm\u00fcckte B\u00e4umchen mit dem besonderen Licht und die Weihnachtsdekoration. Ich kann einfach nicht den Baum rausschmei\u00dfen und Tulpen auf den Tisch stellen. Die Energie f\u00fcr Neues, Aufbruchstimmung ist f\u00fcr mich mit dem Fr\u00fchjahr verbunden. Jetzt in den beiden Wintermonaten m\u00f6chte ich noch kleine Spazierg\u00e4nge an grauen Tagen machen, Schlittenfahren gehen und frieren, hei\u00dfen Punsch trinken und an der Feuerschale sitzen. Ein Hoch auf besinnliche Stunden, auf F\u00fc\u00dfe an der Heizung w\u00e4rmen und auf das in-sich-gekehrt sein. Herzlichst Eure Frau Schmitz PS. Laut bonnorange werden in Bonn die geschredderten B\u00e4ume f\u00fcr Rekultivierungsma\u00dfnahmen und zur klimafreundlichen Stromproduktion genutzt.<\/p>\n","protected":false},"author":1,"featured_media":2039,"comment_status":"open","ping_status":"open","sticky":false,"template":"","format":"standard","meta":{"footnotes":""},"categories":[17],"tags":[],"class_list":["post-2040","post","type-post","status-publish","format-standard","has-post-thumbnail","hentry","category-meinewoche"],"_links":{"self":[{"href":"https:\/\/www.schmitzendrin.de\/index.php?rest_route=\/wp\/v2\/posts\/2040","targetHints":{"allow":["GET"]}}],"collection":[{"href":"https:\/\/www.schmitzendrin.de\/index.php?rest_route=\/wp\/v2\/posts"}],"about":[{"href":"https:\/\/www.schmitzendrin.de\/index.php?rest_route=\/wp\/v2\/types\/post"}],"author":[{"embeddable":true,"href":"https:\/\/www.schmitzendrin.de\/index.php?rest_route=\/wp\/v2\/users\/1"}],"replies":[{"embeddable":true,"href":"https:\/\/www.schmitzendrin.de\/index.php?rest_route=%2Fwp%2Fv2%2Fcomments&post=2040"}],"version-history":[{"count":10,"href":"https:\/\/www.schmitzendrin.de\/index.php?rest_route=\/wp\/v2\/posts\/2040\/revisions"}],"predecessor-version":[{"id":2052,"href":"https:\/\/www.schmitzendrin.de\/index.php?rest_route=\/wp\/v2\/posts\/2040\/revisions\/2052"}],"wp:featuredmedia":[{"embeddable":true,"href":"https:\/\/www.schmitzendrin.de\/index.php?rest_route=\/wp\/v2\/media\/2039"}],"wp:attachment":[{"href":"https:\/\/www.schmitzendrin.de\/index.php?rest_route=%2Fwp%2Fv2%2Fmedia&parent=2040"}],"wp:term":[{"taxonomy":"category","embeddable":true,"href":"https:\/\/www.schmitzendrin.de\/index.php?rest_route=%2Fwp%2Fv2%2Fcategories&post=2040"},{"taxonomy":"post_tag","embeddable":true,"href":"https:\/\/www.schmitzendrin.de\/index.php?rest_route=%2Fwp%2Fv2%2Ftags&post=2040"}],"curies":[{"name":"wp","href":"https:\/\/api.w.org\/{rel}","templated":true}]}}