{"id":2088,"date":"2022-01-29T22:11:38","date_gmt":"2022-01-29T22:11:38","guid":{"rendered":"http:\/\/www.schmitzendrin.de\/?p=2088"},"modified":"2022-01-29T22:11:39","modified_gmt":"2022-01-29T22:11:39","slug":"kw-4-die-woche-in-bonn","status":"publish","type":"post","link":"https:\/\/www.schmitzendrin.de\/?p=2088","title":{"rendered":"KW 4 \/\/ Die Woche in Bonn"},"content":{"rendered":"\n<div class=\"wp-block-image\"><figure class=\"aligncenter size-large\"><img loading=\"lazy\" decoding=\"async\" width=\"1024\" height=\"576\" src=\"http:\/\/www.schmitzendrin.de\/wp-content\/uploads\/2022\/01\/20220126_133229-001-1024x576.jpg\" alt=\"\" class=\"wp-image-2084\" srcset=\"https:\/\/www.schmitzendrin.de\/wp-content\/uploads\/2022\/01\/20220126_133229-001-1024x576.jpg 1024w, https:\/\/www.schmitzendrin.de\/wp-content\/uploads\/2022\/01\/20220126_133229-001-300x169.jpg 300w, https:\/\/www.schmitzendrin.de\/wp-content\/uploads\/2022\/01\/20220126_133229-001-768x432.jpg 768w, https:\/\/www.schmitzendrin.de\/wp-content\/uploads\/2022\/01\/20220126_133229-001-1536x864.jpg 1536w, https:\/\/www.schmitzendrin.de\/wp-content\/uploads\/2022\/01\/20220126_133229-001.jpg 1600w\" sizes=\"auto, (max-width: 1024px) 100vw, 1024px\" \/><\/figure><\/div>\n\n\n\n<p>Das Foto dieser KW 4 ist nicht in Bonn entstanden, aber immerhin am Rhein. Ich habe es in K\u00f6nigswinter aufgenommen. \u00dcberall stapelten sich die \u00c4ste zwischen den B\u00e4umen auf der Promenade.<\/p>\n\n\n\n<p>&#8222;Es scheinen die alten Weiden so grau.&#8220; So hei\u00dft es in einem Gedicht und so grau ist auch dieser Januar.<\/p>\n\n\n\n<p>Wird wohl bald wieder Zeit f\u00fcr mehr Farbe. Vielleicht finde ich ein paar Farbkleckse in Bonn.<\/p>\n\n\n\n<p>Herzlichst Eure Frau Schmitz<\/p>\n\n\n\n<div style=\"height:100px\" aria-hidden=\"true\" class=\"wp-block-spacer\"><\/div>\n","protected":false},"excerpt":{"rendered":"<p>Das Foto dieser KW 4 ist nicht in Bonn entstanden, aber immerhin am Rhein. Ich habe es in K\u00f6nigswinter aufgenommen. \u00dcberall stapelten sich die \u00c4ste zwischen den B\u00e4umen auf der Promenade. &#8222;Es scheinen die alten Weiden so grau.&#8220; So hei\u00dft es in einem Gedicht und so grau ist auch dieser Januar. Wird wohl bald wieder Zeit f\u00fcr mehr Farbe. Vielleicht finde ich ein paar Farbkleckse in Bonn. Herzlichst Eure Frau Schmitz<\/p>\n","protected":false},"author":1,"featured_media":2084,"comment_status":"open","ping_status":"open","sticky":false,"template":"","format":"standard","meta":{"footnotes":""},"categories":[17],"tags":[],"class_list":["post-2088","post","type-post","status-publish","format-standard","has-post-thumbnail","hentry","category-meinewoche"],"_links":{"self":[{"href":"https:\/\/www.schmitzendrin.de\/index.php?rest_route=\/wp\/v2\/posts\/2088","targetHints":{"allow":["GET"]}}],"collection":[{"href":"https:\/\/www.schmitzendrin.de\/index.php?rest_route=\/wp\/v2\/posts"}],"about":[{"href":"https:\/\/www.schmitzendrin.de\/index.php?rest_route=\/wp\/v2\/types\/post"}],"author":[{"embeddable":true,"href":"https:\/\/www.schmitzendrin.de\/index.php?rest_route=\/wp\/v2\/users\/1"}],"replies":[{"embeddable":true,"href":"https:\/\/www.schmitzendrin.de\/index.php?rest_route=%2Fwp%2Fv2%2Fcomments&post=2088"}],"version-history":[{"count":4,"href":"https:\/\/www.schmitzendrin.de\/index.php?rest_route=\/wp\/v2\/posts\/2088\/revisions"}],"predecessor-version":[{"id":2092,"href":"https:\/\/www.schmitzendrin.de\/index.php?rest_route=\/wp\/v2\/posts\/2088\/revisions\/2092"}],"wp:featuredmedia":[{"embeddable":true,"href":"https:\/\/www.schmitzendrin.de\/index.php?rest_route=\/wp\/v2\/media\/2084"}],"wp:attachment":[{"href":"https:\/\/www.schmitzendrin.de\/index.php?rest_route=%2Fwp%2Fv2%2Fmedia&parent=2088"}],"wp:term":[{"taxonomy":"category","embeddable":true,"href":"https:\/\/www.schmitzendrin.de\/index.php?rest_route=%2Fwp%2Fv2%2Fcategories&post=2088"},{"taxonomy":"post_tag","embeddable":true,"href":"https:\/\/www.schmitzendrin.de\/index.php?rest_route=%2Fwp%2Fv2%2Ftags&post=2088"}],"curies":[{"name":"wp","href":"https:\/\/api.w.org\/{rel}","templated":true}]}}