{"id":2114,"date":"2022-05-27T12:35:35","date_gmt":"2022-05-27T12:35:35","guid":{"rendered":"http:\/\/www.schmitzendrin.de\/?p=2114"},"modified":"2022-05-31T15:13:38","modified_gmt":"2022-05-31T15:13:38","slug":"weit-oben-auf-dem-baumwipfelpfad","status":"publish","type":"post","link":"https:\/\/www.schmitzendrin.de\/?p=2114","title":{"rendered":"Auf H\u00f6he der Baumwipfel"},"content":{"rendered":"\n<p style=\"font-size:28px\">Wie ich ohne klettern in die B\u00e4ume kam &#8211; Unsere Tour zum Baumwipfelpfad<\/p>\n\n\n\n<blockquote class=\"wp-block-quote is-layout-flow wp-block-quote-is-layout-flow\"><p>\u00dcber allen Gipfeln ist Ruh, In allen Wipfeln sp\u00fcrest Du kaum einen Hauch; Die V\u00f6glein schweigen im Walde. Warte nur, balde ruhest Du auch.<\/p><cite>Goethe, 1783<\/cite><\/blockquote>\n\n\n\n<p>Dieses Gedicht von Goethe ist melancholisch. Und sterben wollen wir auch nicht so balde. Trotzdem passt es. Im Wald ist man nah bei sich, der Endlichkeit und in der Natur.<\/p>\n\n\n\n<p>Auf dem Baumwipfelpfad spazieren wir von der Erde in die Wipfel.  Der Pfad beginnt und endet an einem Aussichtsturm. Der Weg ist 1.665 Meter lang und die maximale H\u00f6he betr\u00e4gt 23 Meter. Die Sechs Wissensstationen sind f\u00fcr Kinder gemacht und zeigen Informationen zum Wald als Wirtschaftsfaktor, zu den Tieren und zu weiteren Themen. Oftmals k\u00f6nnen Schautafeln aufgeklappt, Dinge gedreht oder wo durchgeguckt werden. Antworten darf man sich erarbeiten.<\/p>\n\n\n\n<p>Ich f\u00fchle mich nicht sehr hoch. Aber die Aussicht in die Baumkronen und auf den Boden ist von allen Stellen faszinierend und spannend. Schwanken die Bretter oder schwanke ich? Der Spaziergang ist erfrischend, aber auch kurz. Der Wald riecht gut. <\/p>\n\n\n\n<p>Obwohl ich gleichhoch zu den \u00c4sten bin, ist der Holzpfad auch eine Trennung zwischen Mensch und Natur. Wenn ich auf dem Waldboden gehe und von den B\u00e4umen &#8222;umringt&#8220; werde, f\u00fchle ich mich der Natur n\u00e4her. Auf dem Pfad kann ich die Natur nicht anfassen. Ich umarme keine B\u00e4ume, aber der Wipfelpfad bringt mich dem Baum auch nicht n\u00e4her.  <\/p>\n\n\n\n<p class=\"has-viking-color has-gray-background-color has-text-color has-background\" style=\"font-size:20px\">Wissenswertes<\/p>\n\n\n\n<p>Ein paar Fakten zum <strong>Panarbora-Naturerlebnispark<\/strong>. Die Informationen stammen von den Websites <a href=\"https:\/\/www.waldbroel.de\/project\/panarbora\/\">waldbroel.de<\/a> und <a href=\"https:\/\/www.baumwipfelpfad-baumkronenpfad.de\/Deutschland\/baumwipfelpfad-panarbora.html\">Baumwipfelpfad Panarbora NRW<\/a> <\/p>\n\n\n\n<ul class=\"wp-block-list\"><li>der Naturerlebnispark geh\u00f6rt zur Jugendherberge Waldbr\u00f6l<\/li><li>der Baumwipfelpfad hat eine Gesamtl\u00e4nge von 1.635 Metern<\/li><li>die maximale H\u00f6he des Fu\u00dfpfads betr\u00e4gt 23 Meter<\/li><li>Ziel ist der 34 Meter hohe Aussichtsturm<\/li><li>bei sehr klarem Wetter sieht man das Siebengebirge und den K\u00f6lner Dom<\/li><li>der gesamte Pfad ist barrierefrei<\/li><li>der Naturerlebnispark ist ganzj\u00e4hrig ge\u00f6ffnet<\/li><li>Im Park gibt es ein Restaurant mit Au\u00dfenterrasse<\/li><li>der Park bietet zudem ein Wasser- und Abenteuerspielplatz f\u00fcr kleinere Kinder, ein Labyrinth, einen Spieltunnel, einen Sinnesrundweg mit Kr\u00e4utergarten sowie ein Feuchtraum Biotop<\/li><\/ul>\n\n\n\n<p class=\"has-viking-color has-gray-background-color has-text-color has-background\" style=\"font-size:20px\">Unsere Tour in Bildern<\/p>\n\n\n\n<p id=\"block-89b28094-0048-4a5a-89eb-acf2a15402bd\"><\/p>\n\n\n<div class=\"wp-block-image\">\n<figure class=\"aligncenter size-large is-resized\"><img loading=\"lazy\" decoding=\"async\" src=\"http:\/\/www.schmitzendrin.de\/wp-content\/uploads\/2022\/05\/20210727_125721-768x1024.jpg\" alt=\"\" class=\"wp-image-2131\" width=\"441\" height=\"587\" srcset=\"https:\/\/www.schmitzendrin.de\/wp-content\/uploads\/2022\/05\/20210727_125721-768x1024.jpg 768w, https:\/\/www.schmitzendrin.de\/wp-content\/uploads\/2022\/05\/20210727_125721-225x300.jpg 225w, https:\/\/www.schmitzendrin.de\/wp-content\/uploads\/2022\/05\/20210727_125721-1152x1536.jpg 1152w, https:\/\/www.schmitzendrin.de\/wp-content\/uploads\/2022\/05\/20210727_125721.jpg 1200w\" sizes=\"auto, (max-width: 441px) 100vw, 441px\" \/><figcaption>Zu Beginn des Spaziergangs blicken wir auf den Aussichtsturm<\/figcaption><\/figure>\n<\/div>\n\n<div class=\"wp-block-image\">\n<figure class=\"aligncenter size-large is-resized\"><img loading=\"lazy\" decoding=\"async\" src=\"http:\/\/www.schmitzendrin.de\/wp-content\/uploads\/2022\/05\/20210727_130846-1024x768.jpg\" alt=\"\" class=\"wp-image-2133\" width=\"564\" height=\"423\" srcset=\"https:\/\/www.schmitzendrin.de\/wp-content\/uploads\/2022\/05\/20210727_130846-1024x768.jpg 1024w, https:\/\/www.schmitzendrin.de\/wp-content\/uploads\/2022\/05\/20210727_130846-300x225.jpg 300w, https:\/\/www.schmitzendrin.de\/wp-content\/uploads\/2022\/05\/20210727_130846-768x576.jpg 768w, https:\/\/www.schmitzendrin.de\/wp-content\/uploads\/2022\/05\/20210727_130846-1536x1152.jpg 1536w, https:\/\/www.schmitzendrin.de\/wp-content\/uploads\/2022\/05\/20210727_130846-350x263.jpg 350w, https:\/\/www.schmitzendrin.de\/wp-content\/uploads\/2022\/05\/20210727_130846-780x586.jpg 780w, https:\/\/www.schmitzendrin.de\/wp-content\/uploads\/2022\/05\/20210727_130846-250x188.jpg 250w, https:\/\/www.schmitzendrin.de\/wp-content\/uploads\/2022\/05\/20210727_130846.jpg 1600w\" sizes=\"auto, (max-width: 564px) 100vw, 564px\" \/><figcaption>Der Weg, fast durch die Baumkronen<\/figcaption><\/figure>\n<\/div>\n\n<div class=\"wp-block-image\">\n<figure class=\"aligncenter size-large is-resized\"><img loading=\"lazy\" decoding=\"async\" src=\"http:\/\/www.schmitzendrin.de\/wp-content\/uploads\/2022\/05\/20210727_130836-1024x768.jpg\" alt=\"\" class=\"wp-image-2132\" width=\"557\" height=\"418\" srcset=\"https:\/\/www.schmitzendrin.de\/wp-content\/uploads\/2022\/05\/20210727_130836-1024x768.jpg 1024w, https:\/\/www.schmitzendrin.de\/wp-content\/uploads\/2022\/05\/20210727_130836-300x225.jpg 300w, https:\/\/www.schmitzendrin.de\/wp-content\/uploads\/2022\/05\/20210727_130836-768x576.jpg 768w, https:\/\/www.schmitzendrin.de\/wp-content\/uploads\/2022\/05\/20210727_130836-1536x1152.jpg 1536w, https:\/\/www.schmitzendrin.de\/wp-content\/uploads\/2022\/05\/20210727_130836-350x263.jpg 350w, https:\/\/www.schmitzendrin.de\/wp-content\/uploads\/2022\/05\/20210727_130836-780x586.jpg 780w, https:\/\/www.schmitzendrin.de\/wp-content\/uploads\/2022\/05\/20210727_130836-250x188.jpg 250w, https:\/\/www.schmitzendrin.de\/wp-content\/uploads\/2022\/05\/20210727_130836.jpg 1600w\" sizes=\"auto, (max-width: 557px) 100vw, 557px\" \/><figcaption>Blick auf den Baumwipfelpfad von gleicher H\u00f6he<\/figcaption><\/figure>\n<\/div>\n\n<div class=\"wp-block-image\">\n<figure class=\"aligncenter size-large is-resized\"><img loading=\"lazy\" decoding=\"async\" src=\"http:\/\/www.schmitzendrin.de\/wp-content\/uploads\/2022\/05\/P1240155-1024x683.jpg\" alt=\"\" class=\"wp-image-2139\" width=\"552\" height=\"367\" srcset=\"https:\/\/www.schmitzendrin.de\/wp-content\/uploads\/2022\/05\/P1240155-1024x683.jpg 1024w, https:\/\/www.schmitzendrin.de\/wp-content\/uploads\/2022\/05\/P1240155-300x200.jpg 300w, https:\/\/www.schmitzendrin.de\/wp-content\/uploads\/2022\/05\/P1240155-768x512.jpg 768w, https:\/\/www.schmitzendrin.de\/wp-content\/uploads\/2022\/05\/P1240155-1536x1024.jpg 1536w, https:\/\/www.schmitzendrin.de\/wp-content\/uploads\/2022\/05\/P1240155.jpg 1600w\" sizes=\"auto, (max-width: 552px) 100vw, 552px\" \/><figcaption>Info-Tafel zum Wald<\/figcaption><\/figure>\n<\/div>\n\n<div class=\"wp-block-image\">\n<figure class=\"aligncenter size-large is-resized\"><img loading=\"lazy\" decoding=\"async\" src=\"http:\/\/www.schmitzendrin.de\/wp-content\/uploads\/2022\/05\/P1240157-1024x683.jpg\" alt=\"\" class=\"wp-image-2140\" width=\"555\" height=\"369\" srcset=\"https:\/\/www.schmitzendrin.de\/wp-content\/uploads\/2022\/05\/P1240157-1024x683.jpg 1024w, https:\/\/www.schmitzendrin.de\/wp-content\/uploads\/2022\/05\/P1240157-300x200.jpg 300w, https:\/\/www.schmitzendrin.de\/wp-content\/uploads\/2022\/05\/P1240157-768x512.jpg 768w, https:\/\/www.schmitzendrin.de\/wp-content\/uploads\/2022\/05\/P1240157-1536x1024.jpg 1536w, https:\/\/www.schmitzendrin.de\/wp-content\/uploads\/2022\/05\/P1240157.jpg 1600w\" sizes=\"auto, (max-width: 555px) 100vw, 555px\" \/><figcaption>Der Westerwald<\/figcaption><\/figure>\n<\/div>\n\n<div class=\"wp-block-image\">\n<figure class=\"aligncenter size-large is-resized\"><img loading=\"lazy\" decoding=\"async\" src=\"http:\/\/www.schmitzendrin.de\/wp-content\/uploads\/2022\/05\/P1240163-1024x683.jpg\" alt=\"\" class=\"wp-image-2143\" width=\"559\" height=\"372\" srcset=\"https:\/\/www.schmitzendrin.de\/wp-content\/uploads\/2022\/05\/P1240163-1024x683.jpg 1024w, https:\/\/www.schmitzendrin.de\/wp-content\/uploads\/2022\/05\/P1240163-300x200.jpg 300w, https:\/\/www.schmitzendrin.de\/wp-content\/uploads\/2022\/05\/P1240163-768x512.jpg 768w, https:\/\/www.schmitzendrin.de\/wp-content\/uploads\/2022\/05\/P1240163-1536x1024.jpg 1536w, https:\/\/www.schmitzendrin.de\/wp-content\/uploads\/2022\/05\/P1240163.jpg 1600w\" sizes=\"auto, (max-width: 559px) 100vw, 559px\" \/><figcaption>Auch mal den Blick nach unten genie\u00dfen<\/figcaption><\/figure>\n<\/div>\n\n<div class=\"wp-block-image\">\n<figure class=\"aligncenter size-large is-resized\"><img loading=\"lazy\" decoding=\"async\" src=\"http:\/\/www.schmitzendrin.de\/wp-content\/uploads\/2022\/05\/P1240187-1024x683.jpg\" alt=\"\" class=\"wp-image-2147\" width=\"557\" height=\"371\" srcset=\"https:\/\/www.schmitzendrin.de\/wp-content\/uploads\/2022\/05\/P1240187-1024x683.jpg 1024w, https:\/\/www.schmitzendrin.de\/wp-content\/uploads\/2022\/05\/P1240187-300x200.jpg 300w, https:\/\/www.schmitzendrin.de\/wp-content\/uploads\/2022\/05\/P1240187-768x512.jpg 768w, https:\/\/www.schmitzendrin.de\/wp-content\/uploads\/2022\/05\/P1240187-1536x1024.jpg 1536w, https:\/\/www.schmitzendrin.de\/wp-content\/uploads\/2022\/05\/P1240187.jpg 1600w\" sizes=\"auto, (max-width: 557px) 100vw, 557px\" \/><figcaption>auf dem Weg zur n\u00e4chsten Station<\/figcaption><\/figure>\n<\/div>\n\n<div class=\"wp-block-image\">\n<figure class=\"aligncenter size-large is-resized\"><img loading=\"lazy\" decoding=\"async\" src=\"http:\/\/www.schmitzendrin.de\/wp-content\/uploads\/2022\/05\/P1240171-1024x683.jpg\" alt=\"\" class=\"wp-image-2145\" width=\"554\" height=\"369\" srcset=\"https:\/\/www.schmitzendrin.de\/wp-content\/uploads\/2022\/05\/P1240171-1024x683.jpg 1024w, https:\/\/www.schmitzendrin.de\/wp-content\/uploads\/2022\/05\/P1240171-300x200.jpg 300w, https:\/\/www.schmitzendrin.de\/wp-content\/uploads\/2022\/05\/P1240171-768x512.jpg 768w, https:\/\/www.schmitzendrin.de\/wp-content\/uploads\/2022\/05\/P1240171-1536x1024.jpg 1536w, https:\/\/www.schmitzendrin.de\/wp-content\/uploads\/2022\/05\/P1240171.jpg 1600w\" sizes=\"auto, (max-width: 554px) 100vw, 554px\" \/><figcaption>lustige und wichtige Hinweise<\/figcaption><\/figure>\n<\/div>\n\n<div class=\"wp-block-image\">\n<figure class=\"aligncenter size-large is-resized\"><img loading=\"lazy\" decoding=\"async\" src=\"http:\/\/www.schmitzendrin.de\/wp-content\/uploads\/2022\/05\/P1240162-1024x683.jpg\" alt=\"\" class=\"wp-image-2142\" width=\"558\" height=\"371\" srcset=\"https:\/\/www.schmitzendrin.de\/wp-content\/uploads\/2022\/05\/P1240162-1024x683.jpg 1024w, https:\/\/www.schmitzendrin.de\/wp-content\/uploads\/2022\/05\/P1240162-300x200.jpg 300w, https:\/\/www.schmitzendrin.de\/wp-content\/uploads\/2022\/05\/P1240162-768x512.jpg 768w, https:\/\/www.schmitzendrin.de\/wp-content\/uploads\/2022\/05\/P1240162-1536x1024.jpg 1536w, https:\/\/www.schmitzendrin.de\/wp-content\/uploads\/2022\/05\/P1240162.jpg 1600w\" sizes=\"auto, (max-width: 558px) 100vw, 558px\" \/><figcaption>Das Ziel, der Aussichtsturm ist zu erkennen<\/figcaption><\/figure>\n<\/div>\n\n<div class=\"wp-block-image\">\n<figure class=\"aligncenter size-large is-resized\"><img loading=\"lazy\" decoding=\"async\" src=\"http:\/\/www.schmitzendrin.de\/wp-content\/uploads\/2022\/05\/P1240225-1024x683.jpg\" alt=\"\" class=\"wp-image-2152\" width=\"558\" height=\"371\" srcset=\"https:\/\/www.schmitzendrin.de\/wp-content\/uploads\/2022\/05\/P1240225-1024x683.jpg 1024w, https:\/\/www.schmitzendrin.de\/wp-content\/uploads\/2022\/05\/P1240225-300x200.jpg 300w, https:\/\/www.schmitzendrin.de\/wp-content\/uploads\/2022\/05\/P1240225-768x512.jpg 768w, https:\/\/www.schmitzendrin.de\/wp-content\/uploads\/2022\/05\/P1240225-1536x1024.jpg 1536w, https:\/\/www.schmitzendrin.de\/wp-content\/uploads\/2022\/05\/P1240225.jpg 1600w\" sizes=\"auto, (max-width: 558px) 100vw, 558px\" \/><figcaption>ein sch\u00f6ner Platz auf der Aussichtsplattform mit weiteren Informationen<\/figcaption><\/figure>\n<\/div>\n\n<div class=\"wp-block-image\">\n<figure class=\"aligncenter size-large is-resized\"><img loading=\"lazy\" decoding=\"async\" src=\"http:\/\/www.schmitzendrin.de\/wp-content\/uploads\/2022\/05\/20210727_135929-768x1024.jpg\" alt=\"\" class=\"wp-image-2135\" width=\"425\" height=\"566\" srcset=\"https:\/\/www.schmitzendrin.de\/wp-content\/uploads\/2022\/05\/20210727_135929-768x1024.jpg 768w, https:\/\/www.schmitzendrin.de\/wp-content\/uploads\/2022\/05\/20210727_135929-225x300.jpg 225w, https:\/\/www.schmitzendrin.de\/wp-content\/uploads\/2022\/05\/20210727_135929-1152x1536.jpg 1152w, https:\/\/www.schmitzendrin.de\/wp-content\/uploads\/2022\/05\/20210727_135929.jpg 1200w\" sizes=\"auto, (max-width: 425px) 100vw, 425px\" \/><figcaption>es geht den Turm runter<\/figcaption><\/figure>\n<\/div>\n\n<div class=\"wp-block-image\">\n<figure class=\"aligncenter size-large is-resized\"><img loading=\"lazy\" decoding=\"async\" src=\"http:\/\/www.schmitzendrin.de\/wp-content\/uploads\/2022\/05\/P1240198-1024x683.jpg\" alt=\"\" class=\"wp-image-2148\" width=\"558\" height=\"371\" srcset=\"https:\/\/www.schmitzendrin.de\/wp-content\/uploads\/2022\/05\/P1240198-1024x683.jpg 1024w, https:\/\/www.schmitzendrin.de\/wp-content\/uploads\/2022\/05\/P1240198-300x200.jpg 300w, https:\/\/www.schmitzendrin.de\/wp-content\/uploads\/2022\/05\/P1240198-768x512.jpg 768w, https:\/\/www.schmitzendrin.de\/wp-content\/uploads\/2022\/05\/P1240198-1536x1024.jpg 1536w, https:\/\/www.schmitzendrin.de\/wp-content\/uploads\/2022\/05\/P1240198.jpg 1600w\" sizes=\"auto, (max-width: 558px) 100vw, 558px\" \/><figcaption>Blick auf den Park, vorne rechts ist das Labyrinth<\/figcaption><\/figure>\n<\/div>\n\n<div class=\"wp-block-image\">\n<figure class=\"aligncenter size-large is-resized\"><img loading=\"lazy\" decoding=\"async\" src=\"http:\/\/www.schmitzendrin.de\/wp-content\/uploads\/2022\/05\/P1240200-1024x683.jpg\" alt=\"\" class=\"wp-image-2149\" width=\"560\" height=\"372\" srcset=\"https:\/\/www.schmitzendrin.de\/wp-content\/uploads\/2022\/05\/P1240200-300x200.jpg 300w, https:\/\/www.schmitzendrin.de\/wp-content\/uploads\/2022\/05\/P1240200-768x512.jpg 768w, https:\/\/www.schmitzendrin.de\/wp-content\/uploads\/2022\/05\/P1240200-1536x1024.jpg 1536w, https:\/\/www.schmitzendrin.de\/wp-content\/uploads\/2022\/05\/P1240200.jpg 1600w\" sizes=\"auto, (max-width: 560px) 100vw, 560px\" \/><figcaption>das Labyrinth<\/figcaption><\/figure>\n<\/div>\n\n<div class=\"wp-block-image\">\n<figure class=\"aligncenter size-large is-resized\"><img loading=\"lazy\" decoding=\"async\" src=\"http:\/\/www.schmitzendrin.de\/wp-content\/uploads\/2022\/05\/20210727_140959-1024x768.jpg\" alt=\"\" class=\"wp-image-2137\" width=\"554\" height=\"416\" srcset=\"https:\/\/www.schmitzendrin.de\/wp-content\/uploads\/2022\/05\/20210727_140959-1024x768.jpg 1024w, https:\/\/www.schmitzendrin.de\/wp-content\/uploads\/2022\/05\/20210727_140959-300x225.jpg 300w, https:\/\/www.schmitzendrin.de\/wp-content\/uploads\/2022\/05\/20210727_140959-768x576.jpg 768w, https:\/\/www.schmitzendrin.de\/wp-content\/uploads\/2022\/05\/20210727_140959-1536x1152.jpg 1536w, https:\/\/www.schmitzendrin.de\/wp-content\/uploads\/2022\/05\/20210727_140959-350x263.jpg 350w, https:\/\/www.schmitzendrin.de\/wp-content\/uploads\/2022\/05\/20210727_140959-780x586.jpg 780w, https:\/\/www.schmitzendrin.de\/wp-content\/uploads\/2022\/05\/20210727_140959-250x188.jpg 250w, https:\/\/www.schmitzendrin.de\/wp-content\/uploads\/2022\/05\/20210727_140959.jpg 1600w\" sizes=\"auto, (max-width: 554px) 100vw, 554px\" \/><figcaption>die Str\u00e4ucher d\u00fcrfen noch ein bisschen h\u00f6her wachsen<\/figcaption><\/figure>\n<\/div>\n\n<div class=\"wp-block-image\">\n<figure class=\"aligncenter size-large is-resized\"><img loading=\"lazy\" decoding=\"async\" src=\"http:\/\/www.schmitzendrin.de\/wp-content\/uploads\/2022\/05\/20210727_141150-1024x768.jpg\" alt=\"\" class=\"wp-image-2138\" width=\"550\" height=\"413\" srcset=\"https:\/\/www.schmitzendrin.de\/wp-content\/uploads\/2022\/05\/20210727_141150-1024x768.jpg 1024w, https:\/\/www.schmitzendrin.de\/wp-content\/uploads\/2022\/05\/20210727_141150-300x225.jpg 300w, https:\/\/www.schmitzendrin.de\/wp-content\/uploads\/2022\/05\/20210727_141150-768x576.jpg 768w, https:\/\/www.schmitzendrin.de\/wp-content\/uploads\/2022\/05\/20210727_141150-1536x1152.jpg 1536w, https:\/\/www.schmitzendrin.de\/wp-content\/uploads\/2022\/05\/20210727_141150-350x263.jpg 350w, https:\/\/www.schmitzendrin.de\/wp-content\/uploads\/2022\/05\/20210727_141150-780x586.jpg 780w, https:\/\/www.schmitzendrin.de\/wp-content\/uploads\/2022\/05\/20210727_141150-250x188.jpg 250w, https:\/\/www.schmitzendrin.de\/wp-content\/uploads\/2022\/05\/20210727_141150.jpg 1600w\" sizes=\"auto, (max-width: 550px) 100vw, 550px\" \/><figcaption>noch einmal der Blick auf den Turm<\/figcaption><\/figure>\n<\/div>\n\n\n<p class=\"has-viking-color has-gray-background-color has-text-color has-background\" style=\"font-size:20px\">Meine Notizen zur Tour<\/p>\n\n\n\n<ul class=\"wp-block-list\"><li>es ist ein herrliches Gef\u00fchl erh\u00f6ht durch den Wald zu spazieren<\/li><li>gute Info-Tafeln<\/li><li>super Aussicht vom Turm; am besten war es dort zu picknicken<\/li><li>das Essen im Restaurant schmeckte uns und die Preise waren gut<\/li><li>es hat gedonnert und geregnet, so dass wir den weiteren Park nicht mehr besichtigen konnten<\/li><li>das Labyrinth ist nichts f\u00fcr \u00fcber 10j\u00e4hrige (sie sind in 30 Sekunden am Ziel)<\/li><li>mit \u00e4lteren Kindern ist der Pfad kurzweilig und sch\u00f6n<\/li><li>der Park ist f\u00fcr j\u00fcngere Kinder geeignet<\/li><\/ul>\n\n\n\n<p>Ich empfehle Euch mit kleineren Kindern auf jeden Fall einen Baumwipfelpfad zu besuchen und Euch auch die Zeit f\u00fcr die Wissensstationen zu nehmen. F\u00fcr gr\u00f6\u00dfere Kinder schaut, welche Attraktionen es noch gibt und besucht den Park in einer gr\u00f6\u00dferen Gruppe. <\/p>\n\n\n\n<p>Wir konnten leider nicht alles sehen, da es am Nachmittag ein Gewitter gab. Schaut also auf die Wettervorhersage und packt Wechselkleidung ein. <\/p>\n\n\n\n<p>Herzlichst, Eure Frau Schmitz<\/p>\n\n\n\n<p><strong>Hinweis: Diese Tour ist selbst bezahlt. <\/strong><\/p>\n","protected":false},"excerpt":{"rendered":"<p>Wie ich ohne klettern in die B\u00e4ume kam &#8211; Unsere Tour zum Baumwipfelpfad \u00dcber allen Gipfeln ist Ruh, In allen Wipfeln sp\u00fcrest Du kaum einen Hauch; Die V\u00f6glein schweigen im Walde. Warte nur, balde ruhest Du auch. Goethe, 1783 Dieses Gedicht von Goethe ist melancholisch. Und sterben wollen wir auch nicht so balde. Trotzdem passt es. Im Wald ist man nah bei sich, der Endlichkeit und in der Natur. Auf dem Baumwipfelpfad spazieren wir von der Erde in die Wipfel. Der Pfad beginnt und endet an einem Aussichtsturm. Der Weg ist 1.665 Meter lang und die maximale H\u00f6he betr\u00e4gt 23 Meter. Die Sechs Wissensstationen sind f\u00fcr Kinder gemacht und zeigen Informationen zum Wald als Wirtschaftsfaktor, zu den Tieren und zu weiteren Themen. Oftmals k\u00f6nnen Schautafeln aufgeklappt, Dinge gedreht oder wo durchgeguckt werden. Antworten darf man sich erarbeiten. Ich f\u00fchle mich nicht sehr hoch. Aber die Aussicht in die Baumkronen und auf den Boden ist von allen Stellen faszinierend und spannend. Schwanken die Bretter oder schwanke ich? Der Spaziergang ist erfrischend, aber auch kurz. Der Wald riecht gut. Obwohl ich gleichhoch zu den \u00c4sten bin, ist der Holzpfad auch eine Trennung zwischen Mensch und Natur. Wenn ich auf dem Waldboden gehe und von den B\u00e4umen &#8222;umringt&#8220; werde, f\u00fchle ich mich der Natur n\u00e4her. Auf dem Pfad kann ich die Natur nicht anfassen. Ich umarme keine B\u00e4ume, aber der Wipfelpfad bringt mich dem Baum auch nicht n\u00e4her. Wissenswertes Ein paar Fakten zum Panarbora-Naturerlebnispark. Die Informationen stammen von den Websites waldbroel.de und Baumwipfelpfad Panarbora NRW der Naturerlebnispark geh\u00f6rt zur Jugendherberge Waldbr\u00f6l der Baumwipfelpfad hat eine Gesamtl\u00e4nge von 1.635 Metern die maximale H\u00f6he des Fu\u00dfpfads betr\u00e4gt 23 Meter Ziel ist der 34 Meter hohe Aussichtsturm bei sehr klarem Wetter sieht man das Siebengebirge und den K\u00f6lner Dom der gesamte Pfad ist barrierefrei der Naturerlebnispark ist ganzj\u00e4hrig ge\u00f6ffnet Im Park gibt es ein Restaurant mit Au\u00dfenterrasse der Park bietet zudem ein Wasser- und Abenteuerspielplatz f\u00fcr kleinere Kinder, ein Labyrinth, einen Spieltunnel, einen Sinnesrundweg mit Kr\u00e4utergarten sowie ein Feuchtraum Biotop Unsere Tour in Bildern Meine Notizen zur Tour es ist ein herrliches Gef\u00fchl erh\u00f6ht durch den Wald zu spazieren gute Info-Tafeln super Aussicht vom Turm; am besten war es dort zu picknicken das Essen im Restaurant schmeckte uns und die Preise waren gut es hat gedonnert und geregnet, so dass wir den weiteren Park nicht mehr besichtigen konnten das Labyrinth ist nichts f\u00fcr \u00fcber 10j\u00e4hrige (sie sind in 30 Sekunden am Ziel) mit \u00e4lteren Kindern ist der Pfad kurzweilig und sch\u00f6n der Park ist f\u00fcr j\u00fcngere Kinder geeignet Ich empfehle Euch mit kleineren Kindern auf jeden Fall einen Baumwipfelpfad zu besuchen und Euch auch die Zeit f\u00fcr die Wissensstationen zu nehmen. F\u00fcr gr\u00f6\u00dfere Kinder schaut, welche Attraktionen es noch gibt und besucht den Park in einer gr\u00f6\u00dferen Gruppe. Wir konnten leider nicht alles sehen, da es am Nachmittag ein Gewitter gab. Schaut also auf die Wettervorhersage und packt Wechselkleidung ein. Herzlichst, Eure Frau Schmitz Hinweis: Diese Tour ist selbst bezahlt.<\/p>\n","protected":false},"author":1,"featured_media":2165,"comment_status":"open","ping_status":"open","sticky":false,"template":"","format":"standard","meta":{"footnotes":""},"categories":[30,10],"tags":[],"class_list":["post-2114","post","type-post","status-publish","format-standard","has-post-thumbnail","hentry","category-sauerland","category-schmitzenwertes-im-blick"],"_links":{"self":[{"href":"https:\/\/www.schmitzendrin.de\/index.php?rest_route=\/wp\/v2\/posts\/2114","targetHints":{"allow":["GET"]}}],"collection":[{"href":"https:\/\/www.schmitzendrin.de\/index.php?rest_route=\/wp\/v2\/posts"}],"about":[{"href":"https:\/\/www.schmitzendrin.de\/index.php?rest_route=\/wp\/v2\/types\/post"}],"author":[{"embeddable":true,"href":"https:\/\/www.schmitzendrin.de\/index.php?rest_route=\/wp\/v2\/users\/1"}],"replies":[{"embeddable":true,"href":"https:\/\/www.schmitzendrin.de\/index.php?rest_route=%2Fwp%2Fv2%2Fcomments&post=2114"}],"version-history":[{"count":34,"href":"https:\/\/www.schmitzendrin.de\/index.php?rest_route=\/wp\/v2\/posts\/2114\/revisions"}],"predecessor-version":[{"id":2177,"href":"https:\/\/www.schmitzendrin.de\/index.php?rest_route=\/wp\/v2\/posts\/2114\/revisions\/2177"}],"wp:featuredmedia":[{"embeddable":true,"href":"https:\/\/www.schmitzendrin.de\/index.php?rest_route=\/wp\/v2\/media\/2165"}],"wp:attachment":[{"href":"https:\/\/www.schmitzendrin.de\/index.php?rest_route=%2Fwp%2Fv2%2Fmedia&parent=2114"}],"wp:term":[{"taxonomy":"category","embeddable":true,"href":"https:\/\/www.schmitzendrin.de\/index.php?rest_route=%2Fwp%2Fv2%2Fcategories&post=2114"},{"taxonomy":"post_tag","embeddable":true,"href":"https:\/\/www.schmitzendrin.de\/index.php?rest_route=%2Fwp%2Fv2%2Ftags&post=2114"}],"curies":[{"name":"wp","href":"https:\/\/api.w.org\/{rel}","templated":true}]}}