{"id":215,"date":"2016-09-19T08:36:42","date_gmt":"2016-09-19T08:36:42","guid":{"rendered":"http:\/\/live.c3networking.de\/sandra\/?p=215"},"modified":"2021-10-31T16:30:59","modified_gmt":"2021-10-31T16:30:59","slug":"das-fahrradfahren","status":"publish","type":"post","link":"https:\/\/www.schmitzendrin.de\/?p=215","title":{"rendered":"Das Fahrradfahren"},"content":{"rendered":"<p>LEICHTIGKEIT UND FREIHEIT<\/p>\n<p>Ich bin schon immer gerne Fahrrad gefahren. Wie&nbsp;ich das gelernt habe, daran kann ich mich nicht erinnern.<\/p>\n<p>Auf dem Kinderfoto sieht man ein rotes Fahrrad mit St\u00fctzr\u00e4dern. Typisch f\u00fcr die 70-ziger Jahre. Auf jeden Fall habe ich gelernt auch ohne St\u00fctzr\u00e4der zu fahren. Meine Milchschneidez\u00e4hne, ich glaube die&nbsp;Oberen, habe ich mir bei einem Sturz mit dem Fahrrad ausgeschlagen. Deswegen lispelte ich eine Zeitlang.<\/p>\n<p>Vorausgegangen war eine Bet\u00e4ubungsspritze und dem Verbot mit den Geschwistern drau\u00dfen auf der Stra\u00dfe zu spielen. Und dem war am&nbsp;Vorabend vorausgegangen, dass ich mir mit der Brotmaschine in den rechten Zeigefinger geschnitten hatte.&nbsp;Ich verlor&nbsp;meine zwei Milchz\u00e4hne unter dem Fahrrad, aber nicht meine Freude am Fahrradfahren.<\/p>\n<p><!--more-->Mein rotes Fahrrad, das ich mir mit 15 Jahren zusammen mit meinem Papa gekaufte habe, besitze ich immer noch und fahre regelm\u00e4\u00dfig mit ihm.<\/p>\n<p>Als ich f\u00fcr das Studium von zu Hause auszog, lie\u00df ich das Fahrrad im elterlichen Keller stehen, so kam mein Fahrrad einigen <em>unruhigen<\/em> und <em>gef\u00e4hrlichen<\/em> Jahren davon. Zwei meiner Studien-Fahrr\u00e4der haben diese Zeit nicht \u00fcberstanden.<\/p>\n<p>Ich stecke viel Geld in das geliebte Fahrrad. Immer wieder sagt mir ein Fahrradh\u00e4ndler, dass ich mir f\u00fcr das Geld und in Anbetracht zuk\u00fcnftig notwendiger&nbsp;Reparaturen ein Neues kaufen sollte. Dann wird es Zeit den Fahrradh\u00e4ndler zu wechseln. Ich brauche jemanden, der mit Liebe das noch Machbare repariert oder auch halbwegs modernisiert. Aktuell habe ich einen neuen, schwarz gl\u00e4nzenden Gep\u00e4cktr\u00e4ger. Der h\u00e4lt auch auf Rost.<\/p>\n<p>Auch das Sattelgelenkt ist verrostet, das ich ihn nicht h\u00f6her stellen kann. Obwohl ich das Gef\u00fchl habe, dass mir das Fahrrad etwas zu klein ist. Bin ich gewachsen? Es f\u00e4hrt sich super mit diesem roten, verrosteten Fahrrad. Die Gangschaltung hakt. Manchmal springt ein Gang von selbst um, und ich muss bergauf- oder bergab unerwartet auf einen anderen Gang reagieren. Es wird nicht langweilig.<\/p>\n<p>Heute habe ich ein zweites, sehr bequemes Fahrrad, von einer Tante. Der Sattel ist f\u00fcr mein Alter zu&nbsp;weich und gro\u00df. Es hat einen niedrigen Einstieg, so dass ich kaum mein Bein heben muss. Es ist grau. Es f\u00e4hrt sich ungewohnt mit einer R\u00fccktrittbremse. Zu Beginn war das nicht leicht, da ich mit meinem roten Fahrrad&nbsp;wartend an einer Ampel die Pedale schon mal r\u00fcckw\u00e4rts im Leerlauf treten konnte.<\/p>\n<p>Mein rotes Fahrrad hat vorne einen kleinen schwarzen Fahrradkorb aus Metall. Eine Zeitlang hatte ich hinten einen Kindersitz montiert, auf dem ich auch unglaublich viele Eink\u00e4ufe prima anschnallen konnte.<\/p>\n<p>Die Touren mit dem Kind hinter mir, bin ich immer sehr gerne gefahren. Jetzt f\u00e4hrt es schon selbst neben mir und manchmal strecke ich meinen linken Arm aus, greife unterhalb seines Nackens und schiebe es an. Aber das wird immer weniger.<\/p>\n<p>Als Teenager bin ich \u00f6fters mit dem Fahrrad zur Schule gefahren. Gut sieben Kilometer. Fahrradfahren befreite. Ich musste nicht zum Zug rennen oder auf den Bus warten, die sowieso nur zweimal t\u00e4glich fuhren.<\/p>\n<p>Das mag ich heute noch am Fahrradfahren: ich bin unabh\u00e4ngig. Ich trete aus dem Haus, schwinge mich auf den Sattel und fahre los. In der Stadt erledige ich alles auf dem roten Drahtesel.<\/p>\n<p>Auf dem Fahrrad sitzend, wird mein K\u00f6rper leicht. Ich lasse die Gedanken leicht werden.<\/p>\n<p>Auf dem Fahrrad unterwegs zu sein, l\u00e4sst das Leben leichter sein. Es ist wie schwimmen in der Luft.<\/p>\n<p>&nbsp;<\/p>\n","protected":false},"excerpt":{"rendered":"<p>LEICHTIGKEIT UND FREIHEIT Ich bin schon immer gerne Fahrrad gefahren. Wie&nbsp;ich das gelernt habe, daran kann ich mich nicht erinnern. Auf dem Kinderfoto sieht man ein rotes Fahrrad mit St\u00fctzr\u00e4dern. Typisch f\u00fcr die 70-ziger Jahre. Auf jeden Fall habe ich gelernt auch ohne St\u00fctzr\u00e4der zu fahren. Meine Milchschneidez\u00e4hne, ich glaube die&nbsp;Oberen, habe ich mir bei einem Sturz mit dem Fahrrad ausgeschlagen. Deswegen lispelte ich eine Zeitlang. Vorausgegangen war eine Bet\u00e4ubungsspritze und dem Verbot mit den Geschwistern drau\u00dfen auf der Stra\u00dfe zu spielen. Und dem war am&nbsp;Vorabend vorausgegangen, dass ich mir mit der Brotmaschine in den rechten Zeigefinger geschnitten hatte.&nbsp;Ich verlor&nbsp;meine zwei Milchz\u00e4hne unter dem Fahrrad, aber nicht meine Freude am Fahrradfahren.<\/p>\n","protected":false},"author":1,"featured_media":1354,"comment_status":"open","ping_status":"open","sticky":false,"template":"","format":"standard","meta":{"footnotes":""},"categories":[13],"tags":[],"class_list":["post-215","post","type-post","status-publish","format-standard","has-post-thumbnail","hentry","category-kurzgeschichten"],"_links":{"self":[{"href":"https:\/\/www.schmitzendrin.de\/index.php?rest_route=\/wp\/v2\/posts\/215","targetHints":{"allow":["GET"]}}],"collection":[{"href":"https:\/\/www.schmitzendrin.de\/index.php?rest_route=\/wp\/v2\/posts"}],"about":[{"href":"https:\/\/www.schmitzendrin.de\/index.php?rest_route=\/wp\/v2\/types\/post"}],"author":[{"embeddable":true,"href":"https:\/\/www.schmitzendrin.de\/index.php?rest_route=\/wp\/v2\/users\/1"}],"replies":[{"embeddable":true,"href":"https:\/\/www.schmitzendrin.de\/index.php?rest_route=%2Fwp%2Fv2%2Fcomments&post=215"}],"version-history":[{"count":3,"href":"https:\/\/www.schmitzendrin.de\/index.php?rest_route=\/wp\/v2\/posts\/215\/revisions"}],"predecessor-version":[{"id":1355,"href":"https:\/\/www.schmitzendrin.de\/index.php?rest_route=\/wp\/v2\/posts\/215\/revisions\/1355"}],"wp:featuredmedia":[{"embeddable":true,"href":"https:\/\/www.schmitzendrin.de\/index.php?rest_route=\/wp\/v2\/media\/1354"}],"wp:attachment":[{"href":"https:\/\/www.schmitzendrin.de\/index.php?rest_route=%2Fwp%2Fv2%2Fmedia&parent=215"}],"wp:term":[{"taxonomy":"category","embeddable":true,"href":"https:\/\/www.schmitzendrin.de\/index.php?rest_route=%2Fwp%2Fv2%2Fcategories&post=215"},{"taxonomy":"post_tag","embeddable":true,"href":"https:\/\/www.schmitzendrin.de\/index.php?rest_route=%2Fwp%2Fv2%2Ftags&post=215"}],"curies":[{"name":"wp","href":"https:\/\/api.w.org\/{rel}","templated":true}]}}