{"id":271,"date":"2016-10-25T20:29:43","date_gmt":"2016-10-25T20:29:43","guid":{"rendered":"http:\/\/live.c3networking.de\/sandra\/?p=271"},"modified":"2021-10-31T16:30:59","modified_gmt":"2021-10-31T16:30:59","slug":"schaukelei","status":"publish","type":"post","link":"https:\/\/www.schmitzendrin.de\/?p=271","title":{"rendered":"Schaukelei"},"content":{"rendered":"<p>ODER DIE WELT IST SCH\u00d6N<\/p>\n<p>Ich mag es zu schaukeln. Ich mag das Vor- und Zur\u00fcckschaukeln. Ich mag es, mir mit den Beinen Schwung zu holen und meine H\u00e4nde fest am Seil zu haben.<\/p>\n<p>Warum gibt es eigentlich keine Schaukeln f\u00fcr Erwachsene? Ich muss mich zwischen die Seile, die rechts und links angebracht sind, quetschen. Und <em>meine<\/em> Schaukel verlassen, wenn Kinder auftauchen und mich argw\u00f6hnisch betrachten.<\/p>\n<p><!--more-->Ich finde in jeden Park geh\u00f6ren Schaukeln f\u00fcr Erwachsene, mit langen Seilen. Damit wir so richtig hoch schaukeln k\u00f6nnen und das Kribbeln im Bauch erleben. Das w\u00e4re doch eine gute Erg\u00e4nzung des &#8222;Trimm-Dich-Pfads&#8220;.<\/p>\n<p>Mit diesem Wohlf\u00fchl-Schaukeln, sparen wir uns auch eine Menge Ratgeber, die uns schriftlich vermitteln wollen, wie man achtsam spazieren geht oder das Gl\u00fccksgef\u00fchl gezielt hervor ruft. Auf den Bl\u00e4ttern eines Abrei\u00df-Kalenders mit lebensfrohen Gedanken f\u00fcr jeden Tag, st\u00fcnde dann nur: Die Welt ist sch\u00f6n!<\/p>\n<p>Ich verw\u00f6hne Euch heute mit diesem sch\u00f6nen Text aus der Serie &#8222;Wickie und die starken M\u00e4nner&#8220;.<\/p>\n<p>Komm mit auf die Schaukel und lerne von ihr fliegen.<br \/>\nDann wirst du versteh\u00b4n: Die Welt ist sch\u00f6n!<\/p>\n<p>Lass dich von der Schaukel durch die L\u00fcfte wiegen.<br \/>\nDu wirst mich versteh\u00b4n: Die Welt ist sch\u00f6n!<\/p>\n<p>Frei wie ein Vogel, ein kleiner Vogel, fliegen wir allen davon.<br \/>\nWir steigen h\u00f6her, immer noch h\u00f6her, leicht wie ein Luftballon.<\/p>\n<p>Komm mit auf die Schaukel und lerne von ihr fliegen.<br \/>\nDann wirst du versteh\u00b4n: Die Welt ist sch\u00f6n!<br \/>\nDie Welt ist sch\u00f6n!<br \/>\ndie Welt ist sch\u00f6n!<\/p>\n<p>Lalallaaalaaalaaalaaa<\/p>\n<p>Herzlichst Eure Frau Schmitz<\/p>\n","protected":false},"excerpt":{"rendered":"<p>ODER DIE WELT IST SCH\u00d6N Ich mag es zu schaukeln. Ich mag das Vor- und Zur\u00fcckschaukeln. Ich mag es, mir mit den Beinen Schwung zu holen und meine H\u00e4nde fest am Seil zu haben. Warum gibt es eigentlich keine Schaukeln f\u00fcr Erwachsene? Ich muss mich zwischen die Seile, die rechts und links angebracht sind, quetschen. Und meine Schaukel verlassen, wenn Kinder auftauchen und mich argw\u00f6hnisch betrachten.<\/p>\n","protected":false},"author":1,"featured_media":270,"comment_status":"open","ping_status":"open","sticky":false,"template":"","format":"standard","meta":{"footnotes":""},"categories":[2],"tags":[],"class_list":["post-271","post","type-post","status-publish","format-standard","has-post-thumbnail","hentry","category-verschmitzt-und-zugenaeht"],"_links":{"self":[{"href":"https:\/\/www.schmitzendrin.de\/index.php?rest_route=\/wp\/v2\/posts\/271","targetHints":{"allow":["GET"]}}],"collection":[{"href":"https:\/\/www.schmitzendrin.de\/index.php?rest_route=\/wp\/v2\/posts"}],"about":[{"href":"https:\/\/www.schmitzendrin.de\/index.php?rest_route=\/wp\/v2\/types\/post"}],"author":[{"embeddable":true,"href":"https:\/\/www.schmitzendrin.de\/index.php?rest_route=\/wp\/v2\/users\/1"}],"replies":[{"embeddable":true,"href":"https:\/\/www.schmitzendrin.de\/index.php?rest_route=%2Fwp%2Fv2%2Fcomments&post=271"}],"version-history":[{"count":2,"href":"https:\/\/www.schmitzendrin.de\/index.php?rest_route=\/wp\/v2\/posts\/271\/revisions"}],"predecessor-version":[{"id":273,"href":"https:\/\/www.schmitzendrin.de\/index.php?rest_route=\/wp\/v2\/posts\/271\/revisions\/273"}],"wp:featuredmedia":[{"embeddable":true,"href":"https:\/\/www.schmitzendrin.de\/index.php?rest_route=\/wp\/v2\/media\/270"}],"wp:attachment":[{"href":"https:\/\/www.schmitzendrin.de\/index.php?rest_route=%2Fwp%2Fv2%2Fmedia&parent=271"}],"wp:term":[{"taxonomy":"category","embeddable":true,"href":"https:\/\/www.schmitzendrin.de\/index.php?rest_route=%2Fwp%2Fv2%2Fcategories&post=271"},{"taxonomy":"post_tag","embeddable":true,"href":"https:\/\/www.schmitzendrin.de\/index.php?rest_route=%2Fwp%2Fv2%2Ftags&post=271"}],"curies":[{"name":"wp","href":"https:\/\/api.w.org\/{rel}","templated":true}]}}