{"id":275,"date":"2016-11-07T20:52:06","date_gmt":"2016-11-07T20:52:06","guid":{"rendered":"http:\/\/live.c3networking.de\/sandra\/?p=275"},"modified":"2021-10-31T16:30:59","modified_gmt":"2021-10-31T16:30:59","slug":"was-ist-zu-tun","status":"publish","type":"post","link":"https:\/\/www.schmitzendrin.de\/?p=275","title":{"rendered":"Was ist zu tun?"},"content":{"rendered":"<p>ODER IST GAR NICHTS ZU TUN?<\/p>\n<p>Zu Beginn meiner Auszeit hatte ich spontan ein paar Sachen notiert, die ich gerne machen wollte. Es war ein so sch\u00f6nes Gef\u00fchl eine lange, freie Zeit vor mir zu haben. Da macht es Spa\u00df eine kleine Liste zu erstellen. Die Gedanken sind ja bekanntlich frei.<\/p>\n<p><!--more--><\/p>\n<p>Ich frage mich warum wir das Bed\u00fcrfnis haben aufzur\u00e4umen und warum ich das auch noch zu den Dingen packe, die ich gerne in meiner Auszeit tun w\u00fcrde. Sehr wahrscheinlich war ich vor sechs Monaten noch so &#8222;gesch\u00e4ftig&#8220;, dass ich &#8222;Keller ausmisten&#8220; und &#8222;Schreibtisch aufr\u00e4umen&#8220; f\u00fcr wichtig oder auch f\u00fcr sch\u00f6n zu halten, dass ich es w\u00e4hrend meiner FREIEN Zeit machen wollte.<\/p>\n<p>Wenn ich jetzt auf meine kleine Grafik\u00a0schaue, bin ich erleichtert, dass ich alle &#8222;Aufr\u00e4umsachen&#8220; nicht gemacht habe. Ich komme mir sogar etwas dumm vor, dass ich an so etwas \u00fcberhaupt gedacht habe. Ich finde, so was muss doch nicht in der freien Zeit sein! Da sollte ich mich auf das Sch\u00f6ne und Angenehme konzentrieren.<\/p>\n<p>Und komischerweise &#8211; nein, nicht komischerweise, sondern mein Unterbewusstsein hat mich genau richtig gelenkt: es hat mich diese Sachen nicht machen lassen. Und jetzt bin ich umso gl\u00fccklicher.<\/p>\n<p>Ich habe die Dinge gemacht, die mir Spa\u00df machen.<\/p>\n<p>Die kleinen Smileys stellen keine Bewertung da, sondern dienen nur der faktischen Darstellung.\u00a0Das Kochbuch kann also noch kommen.<\/p>\n<p>Und das ich nicht ausgiebig geschlafen habe, lag daran, dass das Leben so spannend und wunderbar ist, Abends lange aufzubleiben, um sich mit sich zu besch\u00e4ftigen, an etwas\u00a0Eigenem zu\u00a0arbeiten\u00a0(ich nenne das rumwuseln) &#8211; ohne\u00a0\u00a0an die\u00a0m\u00f6gliche M\u00fcdigkeit am n\u00e4chsten Morgen zu denken. Das macht frei.<\/p>\n<p>Herzlichst Eure Frau Schmitz<\/p>\n<p>&nbsp;<\/p>\n","protected":false},"excerpt":{"rendered":"<p>ODER IST GAR NICHTS ZU TUN? Zu Beginn meiner Auszeit hatte ich spontan ein paar Sachen notiert, die ich gerne machen wollte. Es war ein so sch\u00f6nes Gef\u00fchl eine lange, freie Zeit vor mir zu haben. Da macht es Spa\u00df eine kleine Liste zu erstellen. Die Gedanken sind ja bekanntlich frei.<\/p>\n","protected":false},"author":1,"featured_media":283,"comment_status":"open","ping_status":"open","sticky":false,"template":"","format":"standard","meta":{"footnotes":""},"categories":[6],"tags":[],"class_list":["post-275","post","type-post","status-publish","format-standard","has-post-thumbnail","hentry","category-zeit-fuer-auszeit"],"_links":{"self":[{"href":"https:\/\/www.schmitzendrin.de\/index.php?rest_route=\/wp\/v2\/posts\/275","targetHints":{"allow":["GET"]}}],"collection":[{"href":"https:\/\/www.schmitzendrin.de\/index.php?rest_route=\/wp\/v2\/posts"}],"about":[{"href":"https:\/\/www.schmitzendrin.de\/index.php?rest_route=\/wp\/v2\/types\/post"}],"author":[{"embeddable":true,"href":"https:\/\/www.schmitzendrin.de\/index.php?rest_route=\/wp\/v2\/users\/1"}],"replies":[{"embeddable":true,"href":"https:\/\/www.schmitzendrin.de\/index.php?rest_route=%2Fwp%2Fv2%2Fcomments&post=275"}],"version-history":[{"count":6,"href":"https:\/\/www.schmitzendrin.de\/index.php?rest_route=\/wp\/v2\/posts\/275\/revisions"}],"predecessor-version":[{"id":284,"href":"https:\/\/www.schmitzendrin.de\/index.php?rest_route=\/wp\/v2\/posts\/275\/revisions\/284"}],"wp:featuredmedia":[{"embeddable":true,"href":"https:\/\/www.schmitzendrin.de\/index.php?rest_route=\/wp\/v2\/media\/283"}],"wp:attachment":[{"href":"https:\/\/www.schmitzendrin.de\/index.php?rest_route=%2Fwp%2Fv2%2Fmedia&parent=275"}],"wp:term":[{"taxonomy":"category","embeddable":true,"href":"https:\/\/www.schmitzendrin.de\/index.php?rest_route=%2Fwp%2Fv2%2Fcategories&post=275"},{"taxonomy":"post_tag","embeddable":true,"href":"https:\/\/www.schmitzendrin.de\/index.php?rest_route=%2Fwp%2Fv2%2Ftags&post=275"}],"curies":[{"name":"wp","href":"https:\/\/api.w.org\/{rel}","templated":true}]}}