{"id":356,"date":"2017-01-14T23:04:00","date_gmt":"2017-01-14T23:04:00","guid":{"rendered":"http:\/\/www.schmitzendrin.de\/?p=356"},"modified":"2022-01-14T19:23:19","modified_gmt":"2022-01-14T19:23:19","slug":"kw2-die-woche-in-bonn","status":"publish","type":"post","link":"https:\/\/www.schmitzendrin.de\/?p=356","title":{"rendered":"KW2 \/\/ Die Woche in Bonn"},"content":{"rendered":"<p>Es gibt Themen \u00fcber die man immer schreiben kann. Dazu geh\u00f6rt das &#8222;Wetter&#8220;. In der zweiten Jahreswoche hat es in der Stadt geschneit!<\/p>\n<p><!--more--><\/p>\n<p>Ich wei\u00df, dass Bonn zum atlantisch-maritimen Klimabereich mit schneearmen Wintern geh\u00f6rt. Ich wohne auch deswegen hier, weil bereits sp\u00e4testens im M\u00e4rz die St\u00fchle der Caf\u00e9s und Restaurants nach drau\u00dfen gestellt werden und die Menschen gut gelaunt und mit Handschuhen ihren Kuchen an der frischen Luft genie\u00dfen. Und mit dem Rhein ist es im Sommer hier fast wie am Mittelmeer (ein etwas gewagter Vergleich). Trotzdem h\u00e4tte es in dieser Woche ruhig mehr als 10 Minuten schneien k\u00f6nnen. Naja, der Winter ist noch nicht vorbei. Vielleicht folgen noch &#8222;Bonn-im-Schnee-Bilder&#8220;. Ist ja auch sch\u00f6n.<\/p>\n<p><em>Mein Beitragsbild ist nur entstanden, weil ich direkt die Kamera ausgepackt habe. Als ich wieder ins Haus kam und die Kamera wegr\u00e4umte, war das Schneegest\u00f6ber schon&nbsp;wieder vorbei.<\/em><\/p>\n<p>Herzlichst Eure Frau Schmitz<\/p>\n\n\n<div class=\"wp-block-image\"><figure class=\"aligncenter size-large\"><img loading=\"lazy\" decoding=\"async\" width=\"1024\" height=\"683\" src=\"http:\/\/www.schmitzendrin.de\/wp-content\/uploads\/2017\/01\/P1090498-1024x683.jpg\" alt=\"\" class=\"wp-image-357\" srcset=\"https:\/\/www.schmitzendrin.de\/wp-content\/uploads\/2017\/01\/P1090498-1024x683.jpg 1024w, https:\/\/www.schmitzendrin.de\/wp-content\/uploads\/2017\/01\/P1090498-300x200.jpg 300w, https:\/\/www.schmitzendrin.de\/wp-content\/uploads\/2017\/01\/P1090498-768x512.jpg 768w, https:\/\/www.schmitzendrin.de\/wp-content\/uploads\/2017\/01\/P1090498.jpg 1200w\" sizes=\"auto, (max-width: 1024px) 100vw, 1024px\" \/><\/figure><\/div>\n","protected":false},"excerpt":{"rendered":"<p>Es gibt Themen \u00fcber die man immer schreiben kann. Dazu geh\u00f6rt das &#8222;Wetter&#8220;. In der zweiten Jahreswoche hat es in der Stadt geschneit!<\/p>\n","protected":false},"author":1,"featured_media":357,"comment_status":"closed","ping_status":"open","sticky":false,"template":"","format":"aside","meta":{"footnotes":""},"categories":[17],"tags":[],"class_list":["post-356","post","type-post","status-publish","format-aside","has-post-thumbnail","hentry","category-meinewoche","post_format-post-format-aside"],"_links":{"self":[{"href":"https:\/\/www.schmitzendrin.de\/index.php?rest_route=\/wp\/v2\/posts\/356","targetHints":{"allow":["GET"]}}],"collection":[{"href":"https:\/\/www.schmitzendrin.de\/index.php?rest_route=\/wp\/v2\/posts"}],"about":[{"href":"https:\/\/www.schmitzendrin.de\/index.php?rest_route=\/wp\/v2\/types\/post"}],"author":[{"embeddable":true,"href":"https:\/\/www.schmitzendrin.de\/index.php?rest_route=\/wp\/v2\/users\/1"}],"replies":[{"embeddable":true,"href":"https:\/\/www.schmitzendrin.de\/index.php?rest_route=%2Fwp%2Fv2%2Fcomments&post=356"}],"version-history":[{"count":4,"href":"https:\/\/www.schmitzendrin.de\/index.php?rest_route=\/wp\/v2\/posts\/356\/revisions"}],"predecessor-version":[{"id":2036,"href":"https:\/\/www.schmitzendrin.de\/index.php?rest_route=\/wp\/v2\/posts\/356\/revisions\/2036"}],"wp:featuredmedia":[{"embeddable":true,"href":"https:\/\/www.schmitzendrin.de\/index.php?rest_route=\/wp\/v2\/media\/357"}],"wp:attachment":[{"href":"https:\/\/www.schmitzendrin.de\/index.php?rest_route=%2Fwp%2Fv2%2Fmedia&parent=356"}],"wp:term":[{"taxonomy":"category","embeddable":true,"href":"https:\/\/www.schmitzendrin.de\/index.php?rest_route=%2Fwp%2Fv2%2Fcategories&post=356"},{"taxonomy":"post_tag","embeddable":true,"href":"https:\/\/www.schmitzendrin.de\/index.php?rest_route=%2Fwp%2Fv2%2Ftags&post=356"}],"curies":[{"name":"wp","href":"https:\/\/api.w.org\/{rel}","templated":true}]}}