{"id":420,"date":"2017-02-05T15:32:10","date_gmt":"2017-02-05T15:32:10","guid":{"rendered":"http:\/\/www.schmitzendrin.de\/?p=420"},"modified":"2021-10-31T16:30:44","modified_gmt":"2021-10-31T16:30:44","slug":"kw5-die-woche-in-bonn","status":"publish","type":"post","link":"https:\/\/www.schmitzendrin.de\/?p=420","title":{"rendered":"KW 5 \/\/ Die Woche in Bonn &#8211; Farbklecks"},"content":{"rendered":"<p>FARBKLECKS GESUCHT<\/p>\n<p>Altes wird abgerissen, weil es besch\u00e4digt, nicht mehr sch\u00f6n,\u00a0nicht modern oder nicht funktional ist. Etwas Neues entsteht. Hoffentlich zeitgem\u00e4\u00dfer, ansehnlicher und menschenfreundlicher.<\/p>\n<p>Schade nur, dass man sich bei dem Neubau nicht an den Geb\u00e4uden in n\u00e4chster Umgebung orientiert\u00a0oder das besondere der Stadt hervorhebt &#8211; das Individuelle. Statt dessen entsteht gegen\u00fcber vom Hauptbahnhof ein Geb\u00e4ude, dass aussieht wie schon so viele auf der Friedrich-Ebert-Allee. Besucher, die\u00a0vom Hauptbahnhof den Weg in die Stadt antreten,\u00a0k\u00f6nnten auch in jeder x-beliebigen Stadt angekommen sein.<\/p>\n<figure id=\"attachment_424\" aria-describedby=\"caption-attachment-424\" style=\"width: 300px\" class=\"wp-caption alignnone\"><img loading=\"lazy\" decoding=\"async\" class=\"size-medium wp-image-424\" src=\"http:\/\/www.schmitzendrin.de\/wp-content\/uploads\/2017\/02\/P1090668-300x200.jpg\" alt=\"geplanter Neubau, Maximilian Center Bonn\" width=\"300\" height=\"200\" srcset=\"https:\/\/www.schmitzendrin.de\/wp-content\/uploads\/2017\/02\/P1090668-300x200.jpg 300w, https:\/\/www.schmitzendrin.de\/wp-content\/uploads\/2017\/02\/P1090668-768x513.jpg 768w, https:\/\/www.schmitzendrin.de\/wp-content\/uploads\/2017\/02\/P1090668-1024x684.jpg 1024w, https:\/\/www.schmitzendrin.de\/wp-content\/uploads\/2017\/02\/P1090668.jpg 1200w\" sizes=\"auto, (max-width: 300px) 100vw, 300px\" \/><figcaption id=\"caption-attachment-424\" class=\"wp-caption-text\">geplanter Neubau, Maximilian Center Bonn<\/figcaption><\/figure>\n<p>Eigentlich war ich nach den letzten Fotos, die bei\u00a0fadem Winterwetter aufgenommen wurden, auf der Suche nach etwas Farbe. Ich suchte den Farbklecks in Bonn. Ich \u00fcberlegte wo man in Bonn im Winter ein Foto mit ein bisschen Farbe\u00a0machen k\u00f6nnte. Das Wetter soll im\u00a0Februar ruhig grau und tr\u00fcb sein, aber meinen Augen w\u00fcrde ein\u00a0bisschen Bunt in der Stadt gut tun. In meinem Kopf\u00a0bin ich einige\u00a0\u00f6ffentliche Geb\u00e4ude durchgegangen. Spontan fiel mir das Kunstwerk vor dem Kunstmuseum ein: das ist sch\u00f6n Blau.<\/p>\n<p>Um zum Ende zu kommen: Der Neubau ist in tristem Grau und Beige gehalten. Ich hoffe dann halt mal auf gr\u00fcne B\u00e4ume, die davor stehen werden.<\/p>\n<p>In n\u00e4chster N\u00e4he zum Neubau sieht es zum Gl\u00fcck farbenfroher aus. Man\u00a0h\u00e4tte sich\u00a0bei dem neuen Einkaufscenter\u00a0besser an diese farbige Architektur gehalten.<\/p>\n<figure id=\"attachment_428\" aria-describedby=\"caption-attachment-428\" style=\"width: 300px\" class=\"wp-caption alignnone\"><img loading=\"lazy\" decoding=\"async\" class=\"size-medium wp-image-428\" src=\"http:\/\/www.schmitzendrin.de\/wp-content\/uploads\/2017\/02\/P1090685-300x200.jpg\" alt=\"H\u00e4userreihe in der Bonner Innenstadt, Maximilianstra\u00dfe\" width=\"300\" height=\"200\" srcset=\"https:\/\/www.schmitzendrin.de\/wp-content\/uploads\/2017\/02\/P1090685-300x200.jpg 300w, https:\/\/www.schmitzendrin.de\/wp-content\/uploads\/2017\/02\/P1090685-768x512.jpg 768w, https:\/\/www.schmitzendrin.de\/wp-content\/uploads\/2017\/02\/P1090685-1024x683.jpg 1024w, https:\/\/www.schmitzendrin.de\/wp-content\/uploads\/2017\/02\/P1090685.jpg 1200w\" sizes=\"auto, (max-width: 300px) 100vw, 300px\" \/><figcaption id=\"caption-attachment-428\" class=\"wp-caption-text\">H\u00e4userreihe in der Bonner Innenstadt, Maximilianstra\u00dfe<\/figcaption><\/figure>\n<figure id=\"attachment_427\" aria-describedby=\"caption-attachment-427\" style=\"width: 200px\" class=\"wp-caption alignnone\"><img loading=\"lazy\" decoding=\"async\" class=\"size-medium wp-image-427\" src=\"http:\/\/www.schmitzendrin.de\/wp-content\/uploads\/2017\/02\/P1090682-200x300.jpg\" alt=\"Gesch\u00e4ftshaus in der Bonner Innenstadt, Poststra\u00dfe\" width=\"200\" height=\"300\" srcset=\"https:\/\/www.schmitzendrin.de\/wp-content\/uploads\/2017\/02\/P1090682-200x300.jpg 200w, https:\/\/www.schmitzendrin.de\/wp-content\/uploads\/2017\/02\/P1090682-768x1152.jpg 768w, https:\/\/www.schmitzendrin.de\/wp-content\/uploads\/2017\/02\/P1090682-683x1024.jpg 683w, https:\/\/www.schmitzendrin.de\/wp-content\/uploads\/2017\/02\/P1090682.jpg 800w\" sizes=\"auto, (max-width: 200px) 100vw, 200px\" \/><figcaption id=\"caption-attachment-427\" class=\"wp-caption-text\">Gesch\u00e4ftshaus in der Bonner Innenstadt, Poststra\u00dfe<\/figcaption><\/figure>\n<figure id=\"attachment_426\" aria-describedby=\"caption-attachment-426\" style=\"width: 200px\" class=\"wp-caption alignnone\"><img loading=\"lazy\" decoding=\"async\" class=\"size-medium wp-image-426\" src=\"http:\/\/www.schmitzendrin.de\/wp-content\/uploads\/2017\/02\/P1090679-200x300.jpg\" alt=\"Geb\u00e4ude der Stadtbibliothek und Volkshochschule in der Bonner Innenstadt\" width=\"200\" height=\"300\" srcset=\"https:\/\/www.schmitzendrin.de\/wp-content\/uploads\/2017\/02\/P1090679-200x300.jpg 200w, https:\/\/www.schmitzendrin.de\/wp-content\/uploads\/2017\/02\/P1090679-768x1152.jpg 768w, https:\/\/www.schmitzendrin.de\/wp-content\/uploads\/2017\/02\/P1090679-683x1024.jpg 683w, https:\/\/www.schmitzendrin.de\/wp-content\/uploads\/2017\/02\/P1090679.jpg 800w\" sizes=\"auto, (max-width: 200px) 100vw, 200px\" \/><figcaption id=\"caption-attachment-426\" class=\"wp-caption-text\">Haus der Bildung in der Bonner Innenstadt<\/figcaption><\/figure>\n<figure id=\"attachment_425\" aria-describedby=\"caption-attachment-425\" style=\"width: 300px\" class=\"wp-caption alignnone\"><img loading=\"lazy\" decoding=\"async\" class=\"size-medium wp-image-425\" src=\"http:\/\/www.schmitzendrin.de\/wp-content\/uploads\/2017\/02\/P1090678-300x200.jpg\" alt=\"Postamt in der Innenstadt, Bonn\" width=\"300\" height=\"200\" srcset=\"https:\/\/www.schmitzendrin.de\/wp-content\/uploads\/2017\/02\/P1090678-300x200.jpg 300w, https:\/\/www.schmitzendrin.de\/wp-content\/uploads\/2017\/02\/P1090678-768x512.jpg 768w, https:\/\/www.schmitzendrin.de\/wp-content\/uploads\/2017\/02\/P1090678-1024x683.jpg 1024w, https:\/\/www.schmitzendrin.de\/wp-content\/uploads\/2017\/02\/P1090678.jpg 1200w\" sizes=\"auto, (max-width: 300px) 100vw, 300px\" \/><figcaption id=\"caption-attachment-425\" class=\"wp-caption-text\">Postamt in der Innenstadt, Bonn<\/figcaption><\/figure>\n<p>Sch\u00f6ne Gelbt\u00f6ne!<\/p>\n<p>Herzlichst Eure Frau Schmitz<\/p>\n","protected":false},"excerpt":{"rendered":"<p>FARBKLECKS GESUCHT Altes wird abgerissen, weil es besch\u00e4digt, nicht mehr sch\u00f6n,\u00a0nicht modern oder nicht funktional ist. Etwas Neues entsteht. Hoffentlich zeitgem\u00e4\u00dfer, ansehnlicher und menschenfreundlicher. Schade nur, dass man sich bei dem Neubau nicht an den Geb\u00e4uden in n\u00e4chster Umgebung orientiert\u00a0oder das besondere der Stadt hervorhebt &#8211; das Individuelle. Statt dessen entsteht gegen\u00fcber vom Hauptbahnhof ein Geb\u00e4ude, dass aussieht wie schon so viele auf der Friedrich-Ebert-Allee. Besucher, die\u00a0vom Hauptbahnhof den Weg in die Stadt antreten,\u00a0k\u00f6nnten auch in jeder x-beliebigen Stadt angekommen sein. Eigentlich war ich nach den letzten Fotos, die bei\u00a0fadem Winterwetter aufgenommen wurden, auf der Suche nach etwas Farbe. Ich suchte den Farbklecks in Bonn. Ich \u00fcberlegte wo man in Bonn im Winter ein Foto mit ein bisschen Farbe\u00a0machen k\u00f6nnte. Das Wetter soll im\u00a0Februar ruhig grau und tr\u00fcb sein, aber meinen Augen w\u00fcrde ein\u00a0bisschen Bunt in der Stadt gut tun. In meinem Kopf\u00a0bin ich einige\u00a0\u00f6ffentliche Geb\u00e4ude durchgegangen. Spontan fiel mir das Kunstwerk vor dem Kunstmuseum ein: das ist sch\u00f6n Blau. Um zum Ende zu kommen: Der Neubau ist in tristem Grau und Beige gehalten. Ich hoffe dann halt mal auf gr\u00fcne B\u00e4ume, die davor stehen werden. In n\u00e4chster N\u00e4he zum Neubau sieht es zum Gl\u00fcck farbenfroher aus. Man\u00a0h\u00e4tte sich\u00a0bei dem neuen Einkaufscenter\u00a0besser an diese farbige Architektur gehalten. Sch\u00f6ne Gelbt\u00f6ne! Herzlichst Eure Frau Schmitz<\/p>\n","protected":false},"author":1,"featured_media":428,"comment_status":"closed","ping_status":"open","sticky":false,"template":"","format":"standard","meta":{"footnotes":""},"categories":[17],"tags":[],"class_list":["post-420","post","type-post","status-publish","format-standard","has-post-thumbnail","hentry","category-meinewoche"],"_links":{"self":[{"href":"https:\/\/www.schmitzendrin.de\/index.php?rest_route=\/wp\/v2\/posts\/420","targetHints":{"allow":["GET"]}}],"collection":[{"href":"https:\/\/www.schmitzendrin.de\/index.php?rest_route=\/wp\/v2\/posts"}],"about":[{"href":"https:\/\/www.schmitzendrin.de\/index.php?rest_route=\/wp\/v2\/types\/post"}],"author":[{"embeddable":true,"href":"https:\/\/www.schmitzendrin.de\/index.php?rest_route=\/wp\/v2\/users\/1"}],"replies":[{"embeddable":true,"href":"https:\/\/www.schmitzendrin.de\/index.php?rest_route=%2Fwp%2Fv2%2Fcomments&post=420"}],"version-history":[{"count":8,"href":"https:\/\/www.schmitzendrin.de\/index.php?rest_route=\/wp\/v2\/posts\/420\/revisions"}],"predecessor-version":[{"id":554,"href":"https:\/\/www.schmitzendrin.de\/index.php?rest_route=\/wp\/v2\/posts\/420\/revisions\/554"}],"wp:featuredmedia":[{"embeddable":true,"href":"https:\/\/www.schmitzendrin.de\/index.php?rest_route=\/wp\/v2\/media\/428"}],"wp:attachment":[{"href":"https:\/\/www.schmitzendrin.de\/index.php?rest_route=%2Fwp%2Fv2%2Fmedia&parent=420"}],"wp:term":[{"taxonomy":"category","embeddable":true,"href":"https:\/\/www.schmitzendrin.de\/index.php?rest_route=%2Fwp%2Fv2%2Fcategories&post=420"},{"taxonomy":"post_tag","embeddable":true,"href":"https:\/\/www.schmitzendrin.de\/index.php?rest_route=%2Fwp%2Fv2%2Ftags&post=420"}],"curies":[{"name":"wp","href":"https:\/\/api.w.org\/{rel}","templated":true}]}}