{"id":488,"date":"2017-03-05T11:27:27","date_gmt":"2017-03-05T11:27:27","guid":{"rendered":"http:\/\/www.schmitzendrin.de\/?p=488"},"modified":"2022-01-14T18:59:05","modified_gmt":"2022-01-14T18:59:05","slug":"kw-9-die-woche-in-bonn","status":"publish","type":"post","link":"https:\/\/www.schmitzendrin.de\/?p=488","title":{"rendered":"KW 9 \/\/ Die Woche in Bonn"},"content":{"rendered":"\n<div class=\"wp-block-image\"><figure class=\"aligncenter size-large\"><img loading=\"lazy\" decoding=\"async\" width=\"1024\" height=\"683\" src=\"http:\/\/www.schmitzendrin.de\/wp-content\/uploads\/2017\/03\/P1090851-1024x683.jpg\" alt=\"\" class=\"wp-image-487\" srcset=\"https:\/\/www.schmitzendrin.de\/wp-content\/uploads\/2017\/03\/P1090851-1024x683.jpg 1024w, https:\/\/www.schmitzendrin.de\/wp-content\/uploads\/2017\/03\/P1090851-300x200.jpg 300w, https:\/\/www.schmitzendrin.de\/wp-content\/uploads\/2017\/03\/P1090851-768x512.jpg 768w, https:\/\/www.schmitzendrin.de\/wp-content\/uploads\/2017\/03\/P1090851.jpg 1200w\" sizes=\"auto, (max-width: 1024px) 100vw, 1024px\" \/><\/figure><\/div>\n\n\n<p>EINE WOCHE VOLLER FARBKLECKSE<\/p>\n<ul>\n<li>verkleidete Menschen in bunten Kost\u00fcmen<\/li>\n<li>vielf\u00e4ltiger Rosenmontagszug<\/li>\n<li>bl\u00fchende Krokusse<\/li>\n<li>angemalte Eier in den Gesch\u00e4ften<\/li>\n<\/ul>\n<p>Und fotografiert, als ich zuf\u00e4llig daran vorbei geradelt bin: Die bunten S\u00e4ulen des franz\u00f6sischen K\u00fcnstlers Guy de Rougemont, die f\u00fcr das&nbsp;Arithmeum entworfen wurden.<\/p>\n<p>So bunt ist also die erste M\u00e4rzwoche in Bonn.<\/p>\n<p>Herzlichst Eure Frau Schmitz<\/p>\n<p>PS: Ich werde mich immer wieder auf die Suche nach Farbklecksen in Bonn machen; siehe auch: <a href=\"http:\/\/www.schmitzendrin.de\/?p=420\" target=\"_blank\" rel=\"noopener\">Farbklecks in Bonn<\/a><\/p>","protected":false},"excerpt":{"rendered":"<p>EINE WOCHE VOLLER FARBKLECKSE verkleidete Menschen in bunten Kost\u00fcmen vielf\u00e4ltiger Rosenmontagszug bl\u00fchende Krokusse angemalte Eier in den Gesch\u00e4ften Und fotografiert, als ich zuf\u00e4llig daran vorbei geradelt bin: Die bunten S\u00e4ulen des franz\u00f6sischen K\u00fcnstlers Guy de Rougemont, die f\u00fcr das&nbsp;Arithmeum entworfen wurden. So bunt ist also die erste M\u00e4rzwoche in Bonn. Herzlichst Eure Frau Schmitz PS: Ich werde mich immer wieder auf die Suche nach Farbklecksen in Bonn machen; siehe auch: Farbklecks in Bonn<\/p>\n","protected":false},"author":1,"featured_media":487,"comment_status":"closed","ping_status":"open","sticky":false,"template":"","format":"standard","meta":{"footnotes":""},"categories":[17],"tags":[],"class_list":["post-488","post","type-post","status-publish","format-standard","has-post-thumbnail","hentry","category-meinewoche"],"_links":{"self":[{"href":"https:\/\/www.schmitzendrin.de\/index.php?rest_route=\/wp\/v2\/posts\/488","targetHints":{"allow":["GET"]}}],"collection":[{"href":"https:\/\/www.schmitzendrin.de\/index.php?rest_route=\/wp\/v2\/posts"}],"about":[{"href":"https:\/\/www.schmitzendrin.de\/index.php?rest_route=\/wp\/v2\/types\/post"}],"author":[{"embeddable":true,"href":"https:\/\/www.schmitzendrin.de\/index.php?rest_route=\/wp\/v2\/users\/1"}],"replies":[{"embeddable":true,"href":"https:\/\/www.schmitzendrin.de\/index.php?rest_route=%2Fwp%2Fv2%2Fcomments&post=488"}],"version-history":[{"count":7,"href":"https:\/\/www.schmitzendrin.de\/index.php?rest_route=\/wp\/v2\/posts\/488\/revisions"}],"predecessor-version":[{"id":2030,"href":"https:\/\/www.schmitzendrin.de\/index.php?rest_route=\/wp\/v2\/posts\/488\/revisions\/2030"}],"wp:featuredmedia":[{"embeddable":true,"href":"https:\/\/www.schmitzendrin.de\/index.php?rest_route=\/wp\/v2\/media\/487"}],"wp:attachment":[{"href":"https:\/\/www.schmitzendrin.de\/index.php?rest_route=%2Fwp%2Fv2%2Fmedia&parent=488"}],"wp:term":[{"taxonomy":"category","embeddable":true,"href":"https:\/\/www.schmitzendrin.de\/index.php?rest_route=%2Fwp%2Fv2%2Fcategories&post=488"},{"taxonomy":"post_tag","embeddable":true,"href":"https:\/\/www.schmitzendrin.de\/index.php?rest_route=%2Fwp%2Fv2%2Ftags&post=488"}],"curies":[{"name":"wp","href":"https:\/\/api.w.org\/{rel}","templated":true}]}}