{"id":507,"date":"2017-03-25T15:30:45","date_gmt":"2017-03-25T15:30:45","guid":{"rendered":"http:\/\/www.schmitzendrin.de\/?p=507"},"modified":"2022-01-14T18:55:53","modified_gmt":"2022-01-14T18:55:53","slug":"kw12-die-woche-in-bonn","status":"publish","type":"post","link":"https:\/\/www.schmitzendrin.de\/?p=507","title":{"rendered":"KW 12 \/\/ Die Woche in Bonn"},"content":{"rendered":"\n<div class=\"wp-block-image\"><figure class=\"aligncenter size-large\"><img loading=\"lazy\" decoding=\"async\" width=\"1024\" height=\"576\" src=\"http:\/\/www.schmitzendrin.de\/wp-content\/uploads\/2017\/03\/20170325_115203-1024x576.jpg\" alt=\"\" class=\"wp-image-505\" srcset=\"https:\/\/www.schmitzendrin.de\/wp-content\/uploads\/2017\/03\/20170325_115203-1024x576.jpg 1024w, https:\/\/www.schmitzendrin.de\/wp-content\/uploads\/2017\/03\/20170325_115203-300x169.jpg 300w, https:\/\/www.schmitzendrin.de\/wp-content\/uploads\/2017\/03\/20170325_115203-768x432.jpg 768w, https:\/\/www.schmitzendrin.de\/wp-content\/uploads\/2017\/03\/20170325_115203.jpg 1200w\" sizes=\"auto, (max-width: 1024px) 100vw, 1024px\" \/><\/figure><\/div>\n\n\n<p>Sich Fotos in einem engen Gang anzuschauen ist nicht gew\u00f6hnlich, aber sehr gut. Da traut man sich doch mit der Nasenspitze ganz nah ran.<\/p>\n<p>Die Ausstellung R(h)einperspektiven mit Fotografien von Volker Lannert ist wunderbar.<\/p>\n<p>Der schmale Gang im&nbsp;architektonisch sch\u00f6nem &#8222;Haus der Bildung&#8220; wirft genug Licht auf die pr\u00e4gnanten Fotografien. Und ein Gang rund um den Fahrstuhl kann ja auch etwas k\u00fcnstlerisches haben. Besser so und f\u00fcr Jeden frei zug\u00e4nglich, als gar nicht.<\/p>\n<p>Danke daf\u00fcr.<\/p>\n<p>Informationen: <a href=\"https:\/\/www.bonn.de\/familie_gesellschaft_bildung_soziales\/topthemen\/18528\/index.html?lang=de\" target=\"_blank\" rel=\"noopener\">www.bonn.de\/familie_gesellschaft_bildung<\/a><\/p>\n<p>Herzlichst Eure Frau Schmitz<\/p>\n<p>&nbsp;<\/p>","protected":false},"excerpt":{"rendered":"<p>Sich Fotos in einem engen Gang anzuschauen ist nicht gew\u00f6hnlich, aber sehr gut. Da traut man sich doch mit der Nasenspitze ganz nah ran. Die Ausstellung R(h)einperspektiven mit Fotografien von Volker Lannert ist wunderbar. Der schmale Gang im&nbsp;architektonisch sch\u00f6nem &#8222;Haus der Bildung&#8220; wirft genug Licht auf die pr\u00e4gnanten Fotografien. Und ein Gang rund um den Fahrstuhl kann ja auch etwas k\u00fcnstlerisches haben. Besser so und f\u00fcr Jeden frei zug\u00e4nglich, als gar nicht. Danke daf\u00fcr. Informationen: www.bonn.de\/familie_gesellschaft_bildung Herzlichst Eure Frau Schmitz &nbsp;<\/p>\n","protected":false},"author":1,"featured_media":505,"comment_status":"closed","ping_status":"open","sticky":false,"template":"","format":"standard","meta":{"footnotes":""},"categories":[17],"tags":[],"class_list":["post-507","post","type-post","status-publish","format-standard","has-post-thumbnail","hentry","category-meinewoche"],"_links":{"self":[{"href":"https:\/\/www.schmitzendrin.de\/index.php?rest_route=\/wp\/v2\/posts\/507","targetHints":{"allow":["GET"]}}],"collection":[{"href":"https:\/\/www.schmitzendrin.de\/index.php?rest_route=\/wp\/v2\/posts"}],"about":[{"href":"https:\/\/www.schmitzendrin.de\/index.php?rest_route=\/wp\/v2\/types\/post"}],"author":[{"embeddable":true,"href":"https:\/\/www.schmitzendrin.de\/index.php?rest_route=\/wp\/v2\/users\/1"}],"replies":[{"embeddable":true,"href":"https:\/\/www.schmitzendrin.de\/index.php?rest_route=%2Fwp%2Fv2%2Fcomments&post=507"}],"version-history":[{"count":5,"href":"https:\/\/www.schmitzendrin.de\/index.php?rest_route=\/wp\/v2\/posts\/507\/revisions"}],"predecessor-version":[{"id":2027,"href":"https:\/\/www.schmitzendrin.de\/index.php?rest_route=\/wp\/v2\/posts\/507\/revisions\/2027"}],"wp:featuredmedia":[{"embeddable":true,"href":"https:\/\/www.schmitzendrin.de\/index.php?rest_route=\/wp\/v2\/media\/505"}],"wp:attachment":[{"href":"https:\/\/www.schmitzendrin.de\/index.php?rest_route=%2Fwp%2Fv2%2Fmedia&parent=507"}],"wp:term":[{"taxonomy":"category","embeddable":true,"href":"https:\/\/www.schmitzendrin.de\/index.php?rest_route=%2Fwp%2Fv2%2Fcategories&post=507"},{"taxonomy":"post_tag","embeddable":true,"href":"https:\/\/www.schmitzendrin.de\/index.php?rest_route=%2Fwp%2Fv2%2Ftags&post=507"}],"curies":[{"name":"wp","href":"https:\/\/api.w.org\/{rel}","templated":true}]}}