{"id":618,"date":"2017-05-07T15:07:26","date_gmt":"2017-05-07T15:07:26","guid":{"rendered":"http:\/\/www.schmitzendrin.de\/?p=618"},"modified":"2024-06-22T19:51:33","modified_gmt":"2024-06-22T19:51:33","slug":"die-kunst-der-photographie","status":"publish","type":"post","link":"https:\/\/www.schmitzendrin.de\/?p=618","title":{"rendered":"Als wir noch analog waren"},"content":{"rendered":"<p>Auf dem Flohmarkt habe ich das Buch &#8222;Die Kunst der Photographie&#8220; erstanden. Die Originalausgabe\u00a0erschien 1981 in den USA.<\/p>\n<p>Ausf\u00fchrliche, gut geschriebene\u00a0Texte u.a. \u00fcber die Grunds\u00e4tze der Gestaltung und beispielhafte Fotografien, finden sich in diesem Buch. Sehr sch\u00f6n zum Lesen.<\/p>\n<p>Ich sah aber auch ein\u00a0Buch mit schlecht gedruckten Fotografien. Alles sehr grau, alles sehr unscharf, alles\u00a0<em>irgendwie<\/em> alt. Kein Vergleich zu den heutigen Sachb\u00fcchern, kein Vergleich zu den heutigen Bildb\u00e4ndern.<\/p>\n<p><img loading=\"lazy\" decoding=\"async\" class=\"wp-image-629 size-medium alignright\" src=\"http:\/\/www.schmitzendrin.de\/wp-content\/uploads\/2017\/05\/20170501_165804-169x300.jpg\" width=\"169\" height=\"300\" srcset=\"https:\/\/www.schmitzendrin.de\/wp-content\/uploads\/2017\/05\/20170501_165804-169x300.jpg 169w, https:\/\/www.schmitzendrin.de\/wp-content\/uploads\/2017\/05\/20170501_165804-576x1024.jpg 576w, https:\/\/www.schmitzendrin.de\/wp-content\/uploads\/2017\/05\/20170501_165804.jpg 675w\" sizes=\"auto, (max-width: 169px) 100vw, 169px\" \/>Mir war bewusst, dass\u00a0es\u00a01981 nicht nur nicht die\u00a0digitale Fotografie, sondern auch nicht den digitalen Druck gab.\u00a0Trotzdem klang 1981 gar nicht so weit weg. Und mir wurde dennoch bewusst: Dieses Buch ist 36 Jahre alt.\u00a0So geht es mir auch oft mit alten Filmen, die ich gerne schaue. Ein guter\u00a0Film mit Doris Day ist 53 (!) Jahre alt,\u00a0ein halbes Jahrhundert!<\/p>\n<p>Trotzdem schaue ich mir sehr gerne alte Filme an. Und trotzdem schaue ich mir gerne dieses Photographie-Buch vom Flohmarkt an. Ich bin fasziniert von der\u00a0Film- und Videotechnik. Ich kann bis heute nicht erkl\u00e4ren wie das Bild in den Fernseher kommt (obwohl ich das mal f\u00fcr eine\u00a0Pr\u00fcfung lernen musste), aber die Entwicklung von der Analog- zur Digitalkamera habe ich mit erlebt.<\/p>\n<p>Bei meinem ersten Fotoapparat musste ich nach jeder Aufnahme oben links ein R\u00e4dchen kurbeln, um das Band f\u00fcr die n\u00e4chste Aufnahme weiter zu drehen. Fr\u00fcher habe ich im Urlaub mehr\u00a0Geld f\u00fcr\u00a0Fotofilme, als f\u00fcr Sonnencreme\u00a0ausgegeben, weil ich zu wenige Rollen von zu Hause aus eingepackt hatte. Ich habe jahrelang nicht \u00fcber diese technische Revolution nachgedacht, vielleicht nur\u00a0ein wenig.\u00a0Heute ist mir diese Entwicklung\u00a0sehr viel bewusster.\u00a0Ich wei\u00df allerdings nicht mehr, wann ich mir meine erste Digitalkamera gekauft habe. Die erste Ver\u00e4nderung, neben einer moderneren Kamera,\u00a0war neben der Bestellung der Abz\u00fcge, die Bestellung einer CD beim Fotostudio.<\/p>\n<p>Ich k\u00f6nnte seitenweise weiter schreiben, was sich wann wie bei mir beim Fotografieren und bei der Bearbeitung der Fotos getan hat &#8211; so wie Ihr wahrscheinlich ganz viel zu erz\u00e4hlen h\u00e4ttet.<\/p>\n<p>Das Buch vom Flohmarkt hat sich f\u00fcr mich zu einem kleinen Sch\u00e4tzchen entwickelt. Der ersten\u00a0Befindlichkeit\u00a0aufgrund der Druckqualit\u00e4t, ist einer Demut gegen\u00fcber der k\u00fcnstlerischen und technischen Entwicklung der Fotografie gewichen.<\/p>\n<p>Herzlichst Eure Frau Schmitz<\/p>\n<p>\u00a0<\/p>\n\n\n<div class=\"wp-block-image\"><figure class=\"aligncenter size-large\"><img loading=\"lazy\" decoding=\"async\" width=\"1024\" height=\"576\" src=\"http:\/\/www.schmitzendrin.de\/wp-content\/uploads\/2017\/05\/20170501_165329-1024x576.jpg\" alt=\"\" class=\"wp-image-628\" srcset=\"https:\/\/www.schmitzendrin.de\/wp-content\/uploads\/2017\/05\/20170501_165329-1024x576.jpg 1024w, https:\/\/www.schmitzendrin.de\/wp-content\/uploads\/2017\/05\/20170501_165329-300x169.jpg 300w, https:\/\/www.schmitzendrin.de\/wp-content\/uploads\/2017\/05\/20170501_165329-768x432.jpg 768w, https:\/\/www.schmitzendrin.de\/wp-content\/uploads\/2017\/05\/20170501_165329.jpg 1200w\" sizes=\"auto, (max-width: 1024px) 100vw, 1024px\" \/><\/figure><\/div>\n","protected":false},"excerpt":{"rendered":"<p>Auf dem Flohmarkt habe ich das Buch &#8222;Die Kunst der Photographie&#8220; erstanden. Die Originalausgabe\u00a0erschien 1981 in den USA. Ausf\u00fchrliche, gut geschriebene\u00a0Texte u.a. \u00fcber die Grunds\u00e4tze der Gestaltung und beispielhafte Fotografien, finden sich in diesem Buch. Sehr sch\u00f6n zum Lesen. Ich sah aber auch ein\u00a0Buch mit schlecht gedruckten Fotografien. Alles sehr grau, alles sehr unscharf, alles\u00a0irgendwie alt. Kein Vergleich zu den heutigen Sachb\u00fcchern, kein Vergleich zu den heutigen Bildb\u00e4ndern. Mir war bewusst, dass\u00a0es\u00a01981 nicht nur nicht die\u00a0digitale Fotografie, sondern auch nicht den digitalen Druck gab.\u00a0Trotzdem klang 1981 gar nicht so weit weg. Und mir wurde dennoch bewusst: Dieses Buch ist 36 Jahre alt.\u00a0So geht es mir auch oft mit alten Filmen, die ich gerne schaue. Ein guter\u00a0Film mit Doris Day ist 53 (!) Jahre alt,\u00a0ein halbes Jahrhundert! Trotzdem schaue ich mir sehr gerne alte Filme an. Und trotzdem schaue ich mir gerne dieses Photographie-Buch vom Flohmarkt an. Ich bin fasziniert von der\u00a0Film- und Videotechnik. Ich kann bis heute nicht erkl\u00e4ren wie das Bild in den Fernseher kommt (obwohl ich das mal f\u00fcr eine\u00a0Pr\u00fcfung lernen musste), aber die Entwicklung von der Analog- zur Digitalkamera habe ich mit erlebt. Bei meinem ersten Fotoapparat musste ich nach jeder Aufnahme oben links ein R\u00e4dchen kurbeln, um das Band f\u00fcr die n\u00e4chste Aufnahme weiter zu drehen. Fr\u00fcher habe ich im Urlaub mehr\u00a0Geld f\u00fcr\u00a0Fotofilme, als f\u00fcr Sonnencreme\u00a0ausgegeben, weil ich zu wenige Rollen von zu Hause aus eingepackt hatte. Ich habe jahrelang nicht \u00fcber diese technische Revolution nachgedacht, vielleicht nur\u00a0ein wenig.\u00a0Heute ist mir diese Entwicklung\u00a0sehr viel bewusster.\u00a0Ich wei\u00df allerdings nicht mehr, wann ich mir meine erste Digitalkamera gekauft habe. Die erste Ver\u00e4nderung, neben einer moderneren Kamera,\u00a0war neben der Bestellung der Abz\u00fcge, die Bestellung einer CD beim Fotostudio. Ich k\u00f6nnte seitenweise weiter schreiben, was sich wann wie bei mir beim Fotografieren und bei der Bearbeitung der Fotos getan hat &#8211; so wie Ihr wahrscheinlich ganz viel zu erz\u00e4hlen h\u00e4ttet. Das Buch vom Flohmarkt hat sich f\u00fcr mich zu einem kleinen Sch\u00e4tzchen entwickelt. Der ersten\u00a0Befindlichkeit\u00a0aufgrund der Druckqualit\u00e4t, ist einer Demut gegen\u00fcber der k\u00fcnstlerischen und technischen Entwicklung der Fotografie gewichen. Herzlichst Eure Frau Schmitz \u00a0<\/p>\n","protected":false},"author":1,"featured_media":628,"comment_status":"closed","ping_status":"open","sticky":false,"template":"","format":"standard","meta":{"footnotes":""},"categories":[2],"tags":[],"class_list":["post-618","post","type-post","status-publish","format-standard","has-post-thumbnail","hentry","category-verschmitzt-und-zugenaeht"],"_links":{"self":[{"href":"https:\/\/www.schmitzendrin.de\/index.php?rest_route=\/wp\/v2\/posts\/618","targetHints":{"allow":["GET"]}}],"collection":[{"href":"https:\/\/www.schmitzendrin.de\/index.php?rest_route=\/wp\/v2\/posts"}],"about":[{"href":"https:\/\/www.schmitzendrin.de\/index.php?rest_route=\/wp\/v2\/types\/post"}],"author":[{"embeddable":true,"href":"https:\/\/www.schmitzendrin.de\/index.php?rest_route=\/wp\/v2\/users\/1"}],"replies":[{"embeddable":true,"href":"https:\/\/www.schmitzendrin.de\/index.php?rest_route=%2Fwp%2Fv2%2Fcomments&post=618"}],"version-history":[{"count":18,"href":"https:\/\/www.schmitzendrin.de\/index.php?rest_route=\/wp\/v2\/posts\/618\/revisions"}],"predecessor-version":[{"id":1860,"href":"https:\/\/www.schmitzendrin.de\/index.php?rest_route=\/wp\/v2\/posts\/618\/revisions\/1860"}],"wp:featuredmedia":[{"embeddable":true,"href":"https:\/\/www.schmitzendrin.de\/index.php?rest_route=\/wp\/v2\/media\/628"}],"wp:attachment":[{"href":"https:\/\/www.schmitzendrin.de\/index.php?rest_route=%2Fwp%2Fv2%2Fmedia&parent=618"}],"wp:term":[{"taxonomy":"category","embeddable":true,"href":"https:\/\/www.schmitzendrin.de\/index.php?rest_route=%2Fwp%2Fv2%2Fcategories&post=618"},{"taxonomy":"post_tag","embeddable":true,"href":"https:\/\/www.schmitzendrin.de\/index.php?rest_route=%2Fwp%2Fv2%2Ftags&post=618"}],"curies":[{"name":"wp","href":"https:\/\/api.w.org\/{rel}","templated":true}]}}