{"id":758,"date":"2017-06-11T21:21:41","date_gmt":"2017-06-11T21:21:41","guid":{"rendered":"http:\/\/www.schmitzendrin.de\/?p=758"},"modified":"2021-10-31T16:30:22","modified_gmt":"2021-10-31T16:30:22","slug":"kw-22-die-woche-in-bonn","status":"publish","type":"post","link":"https:\/\/www.schmitzendrin.de\/?p=758","title":{"rendered":"KW 22 \/\/ Die Woche in Bonn"},"content":{"rendered":"<p>Nie wei\u00df ich wohin mit meinem Fahrrad! Am besten vor der eigenen Haust\u00fcr stehen lassen, oder?<\/p>\n<p>Die ganzen Umbauten, Abrisse, Neubauten und sonstigen Bonner Versch\u00f6nerungen, lassen mir und meinem Fahrrad zurzeit wenig Auslauf und wenig Abstellfl\u00e4che.<\/p>\n<p><img loading=\"lazy\" decoding=\"async\" class=\"alignnone size-medium wp-image-757 aligncenter\" src=\"http:\/\/www.schmitzendrin.de\/wp-content\/uploads\/2017\/06\/20170319_152505-300x169.jpg\" alt=\"Schild am Bonner Hauptbahnhof\" width=\"300\" height=\"169\" srcset=\"https:\/\/www.schmitzendrin.de\/wp-content\/uploads\/2017\/06\/20170319_152505-300x169.jpg 300w, https:\/\/www.schmitzendrin.de\/wp-content\/uploads\/2017\/06\/20170319_152505-768x432.jpg 768w, https:\/\/www.schmitzendrin.de\/wp-content\/uploads\/2017\/06\/20170319_152505-1024x576.jpg 1024w, https:\/\/www.schmitzendrin.de\/wp-content\/uploads\/2017\/06\/20170319_152505.jpg 1200w\" sizes=\"auto, (max-width: 300px) 100vw, 300px\" \/><\/p>\n<p>Das Projekt &#8222;Fahrradhauptstadt 2020&#8220; l\u00e4uft noch und\u00a0erinnert mich ein bisschen an die &#8222;Klimaziele 2020&#8220; der Bundesregierung.\u00a0Es gibt auch ein Impulspapier 2030 zur Energieversorgung.<\/p>\n<p>Die Stadt Bonn\u00a0gibt viele Impulse, um die Zufriedenheit der B\u00fcrgerinnen und B\u00fcrger mit den Rahmenbedingungen des Radverkehrs zu steigern. Weg mit dem Wort &#8222;Rahmenbedingungen&#8220;. Ich nenne es:<\/p>\n<ul>\n<li>fr\u00f6hliches Radfahren in Bonn oder<\/li>\n<li>mit dem Rad durch Bonn flanieren<\/li>\n<li>Impulse Bonn\u00b4s vom Fahrrad aus wahrnehmen<\/li>\n<\/ul>\n<p>Herzlichst Eure Frau Schmitz<\/p>\n<p>&nbsp;<\/p>\n","protected":false},"excerpt":{"rendered":"<p>Nie wei\u00df ich wohin mit meinem Fahrrad! Am besten vor der eigenen Haust\u00fcr stehen lassen, oder? Die ganzen Umbauten, Abrisse, Neubauten und sonstigen Bonner Versch\u00f6nerungen, lassen mir und meinem Fahrrad zurzeit wenig Auslauf und wenig Abstellfl\u00e4che. Das Projekt &#8222;Fahrradhauptstadt 2020&#8220; l\u00e4uft noch und\u00a0erinnert mich ein bisschen an die &#8222;Klimaziele 2020&#8220; der Bundesregierung.\u00a0Es gibt auch ein Impulspapier 2030 zur Energieversorgung. Die Stadt Bonn\u00a0gibt viele Impulse, um die Zufriedenheit der B\u00fcrgerinnen und B\u00fcrger mit den Rahmenbedingungen des Radverkehrs zu steigern. Weg mit dem Wort &#8222;Rahmenbedingungen&#8220;. Ich nenne es: fr\u00f6hliches Radfahren in Bonn oder mit dem Rad durch Bonn flanieren Impulse Bonn\u00b4s vom Fahrrad aus wahrnehmen Herzlichst Eure Frau Schmitz &nbsp;<\/p>\n","protected":false},"author":1,"featured_media":749,"comment_status":"closed","ping_status":"open","sticky":false,"template":"","format":"standard","meta":{"footnotes":""},"categories":[17],"tags":[],"class_list":["post-758","post","type-post","status-publish","format-standard","has-post-thumbnail","hentry","category-meinewoche"],"_links":{"self":[{"href":"https:\/\/www.schmitzendrin.de\/index.php?rest_route=\/wp\/v2\/posts\/758","targetHints":{"allow":["GET"]}}],"collection":[{"href":"https:\/\/www.schmitzendrin.de\/index.php?rest_route=\/wp\/v2\/posts"}],"about":[{"href":"https:\/\/www.schmitzendrin.de\/index.php?rest_route=\/wp\/v2\/types\/post"}],"author":[{"embeddable":true,"href":"https:\/\/www.schmitzendrin.de\/index.php?rest_route=\/wp\/v2\/users\/1"}],"replies":[{"embeddable":true,"href":"https:\/\/www.schmitzendrin.de\/index.php?rest_route=%2Fwp%2Fv2%2Fcomments&post=758"}],"version-history":[{"count":2,"href":"https:\/\/www.schmitzendrin.de\/index.php?rest_route=\/wp\/v2\/posts\/758\/revisions"}],"predecessor-version":[{"id":760,"href":"https:\/\/www.schmitzendrin.de\/index.php?rest_route=\/wp\/v2\/posts\/758\/revisions\/760"}],"wp:featuredmedia":[{"embeddable":true,"href":"https:\/\/www.schmitzendrin.de\/index.php?rest_route=\/wp\/v2\/media\/749"}],"wp:attachment":[{"href":"https:\/\/www.schmitzendrin.de\/index.php?rest_route=%2Fwp%2Fv2%2Fmedia&parent=758"}],"wp:term":[{"taxonomy":"category","embeddable":true,"href":"https:\/\/www.schmitzendrin.de\/index.php?rest_route=%2Fwp%2Fv2%2Fcategories&post=758"},{"taxonomy":"post_tag","embeddable":true,"href":"https:\/\/www.schmitzendrin.de\/index.php?rest_route=%2Fwp%2Fv2%2Ftags&post=758"}],"curies":[{"name":"wp","href":"https:\/\/api.w.org\/{rel}","templated":true}]}}