{"id":808,"date":"2017-07-03T07:40:54","date_gmt":"2017-07-03T07:40:54","guid":{"rendered":"http:\/\/www.schmitzendrin.de\/?p=808"},"modified":"2022-01-14T18:45:27","modified_gmt":"2022-01-14T18:45:27","slug":"kw-25-im-dunkeln-hoert-man-was","status":"publish","type":"post","link":"https:\/\/www.schmitzendrin.de\/?p=808","title":{"rendered":"KW 25 \/\/ Die Woche in Bonn &#8211; Im Dunkeln h\u00f6rt man was"},"content":{"rendered":"\n<div class=\"wp-block-image\"><figure class=\"aligncenter size-large\"><img loading=\"lazy\" decoding=\"async\" width=\"1024\" height=\"576\" src=\"http:\/\/www.schmitzendrin.de\/wp-content\/uploads\/2017\/07\/20170623_234545-1024x576.jpg\" alt=\"\" class=\"wp-image-811\" srcset=\"https:\/\/www.schmitzendrin.de\/wp-content\/uploads\/2017\/07\/20170623_234545-1024x576.jpg 1024w, https:\/\/www.schmitzendrin.de\/wp-content\/uploads\/2017\/07\/20170623_234545-300x169.jpg 300w, https:\/\/www.schmitzendrin.de\/wp-content\/uploads\/2017\/07\/20170623_234545-768x432.jpg 768w\" sizes=\"auto, (max-width: 1024px) 100vw, 1024px\" \/><\/figure><\/div>\n\n\n<p>Ich wei\u00df, dass man auf diesem Foto <em>nichts<\/em> erkennen kann. Das ist die Silent-Party am Alten Zoll. zuf\u00e4llig gesehen und nicht geh\u00f6rt am Freitag, als ich mit einer Freundin unterwegs war.<\/p>\n<p>Es sah toll aus. Die beiden DJ\u00b4s umrahmt vom roten Schein, die Menschen im Dunkeln mit den gr\u00fcnen Lichtern an ihrem Kopf sahen spacig aus, sie tanzten teilweise barfu\u00df im Sand und es war&nbsp;warm. Ein&nbsp;sch\u00f6nes Event. Das n\u00e4chste Mal hole ich mir auch einen Kopfh\u00f6rer und h\u00f6re mit!<\/p>\n<p>Herzlichst Eure Frau Schmitz<\/p>\n<p>&nbsp;<\/p>","protected":false},"excerpt":{"rendered":"<p>Ich wei\u00df, dass man auf diesem Foto nichts erkennen kann. Das ist die Silent-Party am Alten Zoll. zuf\u00e4llig gesehen und nicht geh\u00f6rt am Freitag, als ich mit einer Freundin unterwegs war. Es sah toll aus. Die beiden DJ\u00b4s umrahmt vom roten Schein, die Menschen im Dunkeln mit den gr\u00fcnen Lichtern an ihrem Kopf sahen spacig aus, sie tanzten teilweise barfu\u00df im Sand und es war&nbsp;warm. Ein&nbsp;sch\u00f6nes Event. Das n\u00e4chste Mal hole ich mir auch einen Kopfh\u00f6rer und h\u00f6re mit! Herzlichst Eure Frau Schmitz &nbsp;<\/p>\n","protected":false},"author":1,"featured_media":811,"comment_status":"closed","ping_status":"open","sticky":false,"template":"","format":"standard","meta":{"footnotes":""},"categories":[17],"tags":[],"class_list":["post-808","post","type-post","status-publish","format-standard","has-post-thumbnail","hentry","category-meinewoche"],"_links":{"self":[{"href":"https:\/\/www.schmitzendrin.de\/index.php?rest_route=\/wp\/v2\/posts\/808","targetHints":{"allow":["GET"]}}],"collection":[{"href":"https:\/\/www.schmitzendrin.de\/index.php?rest_route=\/wp\/v2\/posts"}],"about":[{"href":"https:\/\/www.schmitzendrin.de\/index.php?rest_route=\/wp\/v2\/types\/post"}],"author":[{"embeddable":true,"href":"https:\/\/www.schmitzendrin.de\/index.php?rest_route=\/wp\/v2\/users\/1"}],"replies":[{"embeddable":true,"href":"https:\/\/www.schmitzendrin.de\/index.php?rest_route=%2Fwp%2Fv2%2Fcomments&post=808"}],"version-history":[{"count":4,"href":"https:\/\/www.schmitzendrin.de\/index.php?rest_route=\/wp\/v2\/posts\/808\/revisions"}],"predecessor-version":[{"id":2019,"href":"https:\/\/www.schmitzendrin.de\/index.php?rest_route=\/wp\/v2\/posts\/808\/revisions\/2019"}],"wp:featuredmedia":[{"embeddable":true,"href":"https:\/\/www.schmitzendrin.de\/index.php?rest_route=\/wp\/v2\/media\/811"}],"wp:attachment":[{"href":"https:\/\/www.schmitzendrin.de\/index.php?rest_route=%2Fwp%2Fv2%2Fmedia&parent=808"}],"wp:term":[{"taxonomy":"category","embeddable":true,"href":"https:\/\/www.schmitzendrin.de\/index.php?rest_route=%2Fwp%2Fv2%2Fcategories&post=808"},{"taxonomy":"post_tag","embeddable":true,"href":"https:\/\/www.schmitzendrin.de\/index.php?rest_route=%2Fwp%2Fv2%2Ftags&post=808"}],"curies":[{"name":"wp","href":"https:\/\/api.w.org\/{rel}","templated":true}]}}