{"id":969,"date":"2017-09-29T20:55:34","date_gmt":"2017-09-29T20:55:34","guid":{"rendered":"http:\/\/www.schmitzendrin.de\/?p=969"},"modified":"2022-01-14T16:59:10","modified_gmt":"2022-01-14T16:59:10","slug":"kw-39-die-woche-in-bonn-wir-denken-nach","status":"publish","type":"post","link":"https:\/\/www.schmitzendrin.de\/?p=969","title":{"rendered":"KW 39 \/\/ Die Woche in Bonn &#8211; Wir denken nach"},"content":{"rendered":"\n<div class=\"wp-block-image\"><figure class=\"aligncenter size-large\"><img loading=\"lazy\" decoding=\"async\" width=\"1024\" height=\"576\" src=\"http:\/\/www.schmitzendrin.de\/wp-content\/uploads\/2017\/09\/20170928_193804-1024x576.jpg\" alt=\"\" class=\"wp-image-974\" srcset=\"https:\/\/www.schmitzendrin.de\/wp-content\/uploads\/2017\/09\/20170928_193804-1024x576.jpg 1024w, https:\/\/www.schmitzendrin.de\/wp-content\/uploads\/2017\/09\/20170928_193804-300x169.jpg 300w, https:\/\/www.schmitzendrin.de\/wp-content\/uploads\/2017\/09\/20170928_193804-768x432.jpg 768w, https:\/\/www.schmitzendrin.de\/wp-content\/uploads\/2017\/09\/20170928_193804.jpg 1600w\" sizes=\"auto, (max-width: 1024px) 100vw, 1024px\" \/><\/figure><\/div>\n\n\n<p>Es gibt immer Anlass nachzudenken. Wir denken auch, ohne dass wir einen Anlasser brauchen. Nichts muss gez\u00fcndet, gestartet werden f\u00fcr das Denken.<\/p>\n<p>Zuf\u00e4llig bin ich diese Woche an der Skulptur &#8222;Der Denker&#8220; vorbeigegangen. Ich fahre sonst mit dem Fahrrad an der Rheinseite am Bonner Bogen vorbei, deswegen ist mir diese Bronze Skulptur noch nie aufgefallen. Vielleicht lag es am Nachtlicht und der besonderen Beleuchtung, dass ich&nbsp;vor ihr stehen blieb und sie fotografierte. Vielleicht lag es auch daran, dass es diese Woche viele Anl\u00e4sse gab, nachzudenken.<\/p>\n<p>Gehirn starten und denken. Kann Stein denken? Mich hat die Skulptur im ersten Moment an den Felsenbei\u00dfer aus der &#8222;Unendlichen Geschichte&#8220; erinnert. Ich habe im Roman nachgeschaut: Es ist ein Pj\u00f6rnrachzarck, der v\u00f6llig aus Stein besteht, Riesengro\u00df und mit einem Steinfahrrad (sehr umweltbewusst) unterwegs ist, und sich unter anderem von Kalksteinen ern\u00e4hrt. Wie weitere Botschafter des Landes, m\u00f6chte er zur&nbsp;Kindlichen Kaiserin.<\/p>\n<p>Meine Assoziationen zum &#8222;Denker&#8220;:<\/p>\n<ul>\n<li>(Land der) Dichter und Denker<\/li>\n<li>Denkste!<\/li>\n<li>Nachdenken, nachdenklich, bedenklich, erdenklich<\/li>\n<li>Der Felsenbei\u00dfer denkt, dass das Nichts seine Welt zerst\u00f6ren wird<\/li>\n<\/ul>\n<p>Ist es nicht so,&nbsp;wie auch im Roman &#8222;Die unendliche Geschichte&#8220;, dass, durch das Geschriebene die Geschichte geschieht, und dadurch dass die Geschichte geschieht, sie aufgeschrieben wird? Genug gedacht.<\/p>\n<p><em>Die Skulptur &#8222;Der Denker&#8220; ist 2013 von Neuwied nach Bonn gezogen. Sie ist Markenzeichen der SER-Gruppe, die dort ihre B\u00fcror\u00e4ume hat.<\/em><\/p>\n<p>Herzlichst Eure Frau Schmitz<\/p>\n<p>&nbsp;<\/p>","protected":false},"excerpt":{"rendered":"<p>Es gibt immer Anlass nachzudenken. Wir denken auch, ohne dass wir einen Anlasser brauchen. Nichts muss gez\u00fcndet, gestartet werden f\u00fcr das Denken. Zuf\u00e4llig bin ich diese Woche an der Skulptur &#8222;Der Denker&#8220; vorbeigegangen. Ich fahre sonst mit dem Fahrrad an der Rheinseite am Bonner Bogen vorbei, deswegen ist mir diese Bronze Skulptur noch nie aufgefallen. Vielleicht lag es am Nachtlicht und der besonderen Beleuchtung, dass ich&nbsp;vor ihr stehen blieb und sie fotografierte. Vielleicht lag es auch daran, dass es diese Woche viele Anl\u00e4sse gab, nachzudenken. Gehirn starten und denken. Kann Stein denken? Mich hat die Skulptur im ersten Moment an den Felsenbei\u00dfer aus der &#8222;Unendlichen Geschichte&#8220; erinnert. Ich habe im Roman nachgeschaut: Es ist ein Pj\u00f6rnrachzarck, der v\u00f6llig aus Stein besteht, Riesengro\u00df und mit einem Steinfahrrad (sehr umweltbewusst) unterwegs ist, und sich unter anderem von Kalksteinen ern\u00e4hrt. Wie weitere Botschafter des Landes, m\u00f6chte er zur&nbsp;Kindlichen Kaiserin. Meine Assoziationen zum &#8222;Denker&#8220;: (Land der) Dichter und Denker Denkste! Nachdenken, nachdenklich, bedenklich, erdenklich Der Felsenbei\u00dfer denkt, dass das Nichts seine Welt zerst\u00f6ren wird Ist es nicht so,&nbsp;wie auch im Roman &#8222;Die unendliche Geschichte&#8220;, dass, durch das Geschriebene die Geschichte geschieht, und dadurch dass die Geschichte geschieht, sie aufgeschrieben wird? Genug gedacht. Die Skulptur &#8222;Der Denker&#8220; ist 2013 von Neuwied nach Bonn gezogen. Sie ist Markenzeichen der SER-Gruppe, die dort ihre B\u00fcror\u00e4ume hat. Herzlichst Eure Frau Schmitz &nbsp;<\/p>\n","protected":false},"author":1,"featured_media":974,"comment_status":"closed","ping_status":"open","sticky":false,"template":"","format":"standard","meta":{"footnotes":""},"categories":[17],"tags":[],"class_list":["post-969","post","type-post","status-publish","format-standard","has-post-thumbnail","hentry","category-meinewoche"],"_links":{"self":[{"href":"https:\/\/www.schmitzendrin.de\/index.php?rest_route=\/wp\/v2\/posts\/969","targetHints":{"allow":["GET"]}}],"collection":[{"href":"https:\/\/www.schmitzendrin.de\/index.php?rest_route=\/wp\/v2\/posts"}],"about":[{"href":"https:\/\/www.schmitzendrin.de\/index.php?rest_route=\/wp\/v2\/types\/post"}],"author":[{"embeddable":true,"href":"https:\/\/www.schmitzendrin.de\/index.php?rest_route=\/wp\/v2\/users\/1"}],"replies":[{"embeddable":true,"href":"https:\/\/www.schmitzendrin.de\/index.php?rest_route=%2Fwp%2Fv2%2Fcomments&post=969"}],"version-history":[{"count":7,"href":"https:\/\/www.schmitzendrin.de\/index.php?rest_route=\/wp\/v2\/posts\/969\/revisions"}],"predecessor-version":[{"id":2013,"href":"https:\/\/www.schmitzendrin.de\/index.php?rest_route=\/wp\/v2\/posts\/969\/revisions\/2013"}],"wp:featuredmedia":[{"embeddable":true,"href":"https:\/\/www.schmitzendrin.de\/index.php?rest_route=\/wp\/v2\/media\/974"}],"wp:attachment":[{"href":"https:\/\/www.schmitzendrin.de\/index.php?rest_route=%2Fwp%2Fv2%2Fmedia&parent=969"}],"wp:term":[{"taxonomy":"category","embeddable":true,"href":"https:\/\/www.schmitzendrin.de\/index.php?rest_route=%2Fwp%2Fv2%2Fcategories&post=969"},{"taxonomy":"post_tag","embeddable":true,"href":"https:\/\/www.schmitzendrin.de\/index.php?rest_route=%2Fwp%2Fv2%2Ftags&post=969"}],"curies":[{"name":"wp","href":"https:\/\/api.w.org\/{rel}","templated":true}]}}